{"id":129,"date":"2012-01-17T07:59:24","date_gmt":"2012-01-17T06:59:24","guid":{"rendered":"https:\/\/www.idealdieta.it\/wp\/?p=129"},"modified":"2022-02-17T22:07:16","modified_gmt":"2022-02-17T21:07:16","slug":"lalimentazione-puo-prevenire-il-cervello-dai-danni-dellalzheimer","status":"publish","type":"post","link":"https:\/\/www.idealdieta.it\/?p=129","title":{"rendered":"L\u2019alimentazione pu\u00f2 prevenire il cervello dai danni dell\u2019Alzheimer"},"content":{"rendered":"<div class=\"fcbkbttn_buttons_block\" id=\"fcbkbttn_left\"><div class=\"fcbkbttn_like \"><div class=\"fb-like fb-like-box_count\" data-href=\"https:\/\/www.idealdieta.it\/?p=129\" data-colorscheme=\"light\" data-layout=\"box_count\" data-action=\"like\"  data-size=\"small\"><\/div><\/div><div class=\"fb-share-button  \" data-href=\"https:\/\/www.idealdieta.it\/?p=129\" data-type=\"button_count\" data-size=\"small\"><\/div><\/div><p>Le persone con un\u2019alimentazione ad alto contenuto di vitamine o di acidi grassi omega 3 hanno meno probabilit\u00e0 di subire un restringimento del cervello caratteristico del morbo di Alzheimer, rispetto alle persone la cui dieta non si basa su tali sostanze nutritive, secondo un nuovo studio pubblicato il dicembre 28 2011 nella rivista Neurology, la rivista medica dell\u2019American Academy of Neurology.<\/p>\n<p><!--more--><\/p>\n<p>Coloro che seguono diete ad alto contenuto di acidi grassi omega 3 e vitamine C, D, E e vitamine del gruppo B hanno ottenuto anche punteggi pi\u00f9 alti nei test psicologici sul funzionamento mentale rispetto alle persone con diete a basso contenuto di tali nutrienti. Gli acidi grassi omega 3 e la vitamina D si trovano principalmente nel pesce. Le vitamine del gruppo B e antiossidanti C ed E si trovano principalmente in frutta e verdura.<\/p>\n<p>Inoltre la ricerca ha dimostrato che le persone con diete ricche di grassi trans (grassi vegetali idrogenati e altri grassi di origine animale) hanno pi\u00f9 probabilit\u00e0 di avere un restringimento del cervello e punteggi pi\u00f9 bassi nel test di pensiero e memoria rispetto a persone con diete a basso contenuto di tali grassi. I grassi trans si trovano principalmente nel cibo confezionato, nel cibo dei fast food, in fritti e surgelati, nei prodotti da forno e nella margarina.<\/p>\n<p>Lo studio ha coinvolto 104 persone con un\u2019et\u00e0 media di 87 anni e con fattori di rischio molto bassi per perdita di memoria e capacit\u00e0 cognitive.<\/p>\n<p>Gli esami del sangue sono stati analizzati per determinare i livelli di varie sostanze nutrienti presenti nel sangue di ciascun partecipante.<\/p>\n<p>Tutti i partecipanti hanno anche dovuto sottoporsi a prove per misurare la loro memoria e la capacit\u00e0 di pensiero. Inoltre, 42 partecipanti sono stati sottoposti alla risonanza magnetica per misurare il volume del cervello.<\/p>\n<p>Nel complesso, i partecipanti avevano un buono stato nutrizionale, ma nel 7% i ricercatori hanno osservato carenza di vitamina B12 e nel 25% di vitamina D.<\/p>\n<p>L\u2019autore dello studio, Gene Bowman, della Oregon Health &amp; Science University di Portland e membro della American Academy of Neurology, ha detto che i biomarcatori dei nutrienti nel sangue rappresentano una parte significativa della variazione sia del volume del cervello e del punteggio in pensiero e memoria.<\/p>\n<p>Per quanto riguarda i test su memoria e pensiero, l\u2019alimentazione influiva sulle prestazioni nel 17% dei casi. Altri fattori come l\u2019et\u00e0, il numero di anni di istruzione e la pressione alta rappresentavano il 46% della variazione.<\/p>\n<p>Il volume del cervello invece era influenzato dal tipo di alimentazione nel 37% dei casi, un valore molto elevato e che ha abbastanza sorpreso Bowman.<\/p>\n<p>\u201cQuesti risultati devono essere confermati, ma ovviamente \u00e8 molto interessante l\u2019ipotesi che le persone potrebbero in parte fermare la riduzione del proprio cervello e la stabilizzazione delle proprie facolt\u00e0 cognitive semplicemente regolando la propria dieta,\u201d ha detto Bowman.<\/p>\n<p>Lo studio \u00e8 stato il primo ad utilizzare biomarcatori dei nutrienti nel sangue per analizzare l\u2019effetto della dieta sulla capacit\u00e0 di memoria e di pensiero e a confrontare questi livelli con il volume del cervello. Precedenti studi hanno esaminato solo una o poche sostanze nutritive in un dato momento oppure hanno utilizzato questionari per valutare la dieta delle persone.<\/p>\n<p>Ma \u2013 conclude Bowman &#8211; basarsi sui questionari rischia di non tenere conto di quanto le sostanze nutritive vengono assorbite dal corpo, il che pu\u00f2 essere un problema negli anziani.<\/p>\n<p>fonte:\u00a0<a href=\"http:\/\/gaianews.it\/alimentazione\/lalimentazione-puo-prevenire-il-cervello-dai-danni-dellalzheimer\/id=15974\" target=\"_blank\" rel=\"noopener\">http:\/\/gaianews.it\/alimentazione\/lalimentazione-puo-prevenire-il-cervello-dai-danni-dellalzheimer\/id=15974<\/a><\/p>\n","protected":false},"excerpt":{"rendered":"<p>Le persone con un\u2019alimentazione ad alto contenuto di vitamine o di acidi grassi omega 3 hanno meno probabilit\u00e0<\/p>\n","protected":false},"author":1,"featured_media":130,"comment_status":"open","ping_status":"open","sticky":false,"template":"","format":"standard","meta":{"footnotes":""},"categories":[6],"tags":[52,31],"class_list":["post-129","post","type-post","status-publish","format-standard","has-post-thumbnail","hentry","category-dieta-salute","tag-alzheimer","tag-cervello"],"yoast_head":"<!-- This site is optimized with the Yoast SEO plugin v18.5.1 - https:\/\/yoast.com\/wordpress\/plugins\/seo\/ -->\r\n<title>L\u2019alimentazione pu\u00f2 prevenire il cervello dai danni dell\u2019Alzheimer - idealdieta<\/title>\r\n<meta name=\"robots\" content=\"index, follow, max-snippet:-1, max-image-preview:large, max-video-preview:-1\" \/>\r\n<link rel=\"canonical\" href=\"https:\/\/www.idealdieta.it\/?p=129\" \/>\r\n<meta property=\"og:locale\" content=\"it_IT\" \/>\r\n<meta property=\"og:type\" content=\"article\" \/>\r\n<meta property=\"og:title\" content=\"L\u2019alimentazione pu\u00f2 prevenire il cervello dai danni dell\u2019Alzheimer - idealdieta\" \/>\r\n<meta property=\"og:description\" content=\"Le persone con un\u2019alimentazione ad alto contenuto di vitamine o di acidi grassi omega 3 hanno meno probabilit\u00e0\" \/>\r\n<meta property=\"og:url\" content=\"https:\/\/www.idealdieta.it\/?p=129\" \/>\r\n<meta property=\"og:site_name\" content=\"idealdieta\" \/>\r\n<meta property=\"article:published_time\" content=\"2012-01-17T06:59:24+00:00\" \/>\r\n<meta property=\"article:modified_time\" content=\"2022-02-17T21:07:16+00:00\" \/>\r\n<meta property=\"og:image\" content=\"https:\/\/www.idealdieta.it\/wp\/wp-content\/uploads\/2022\/02\/ridere-di-gusto-2011.jpg\" \/>\r\n\t<meta property=\"og:image:width\" content=\"268\" \/>\r\n\t<meta property=\"og:image:height\" content=\"188\" \/>\r\n\t<meta property=\"og:image:type\" content=\"image\/jpeg\" \/>\r\n<meta name=\"twitter:card\" content=\"summary_large_image\" \/>\r\n<meta name=\"twitter:label1\" content=\"Scritto da\" \/>\n\t<meta name=\"twitter:data1\" content=\"idealdieta\" \/>\n\t<meta name=\"twitter:label2\" content=\"Tempo di lettura stimato\" \/>\n\t<meta name=\"twitter:data2\" content=\"3 minuti\" \/>\r\n<script type=\"application\/ld+json\" class=\"yoast-schema-graph\">{\"@context\":\"https:\/\/schema.org\",\"@graph\":[{\"@type\":\"WebSite\",\"@id\":\"https:\/\/www.idealdieta.it\/#website\",\"url\":\"https:\/\/www.idealdieta.it\/\",\"name\":\"idealdieta\",\"description\":\"Diete, Psicologia e Societ\u00e0 dal 2006\",\"potentialAction\":[{\"@type\":\"SearchAction\",\"target\":{\"@type\":\"EntryPoint\",\"urlTemplate\":\"https:\/\/www.idealdieta.it\/?s={search_term_string}\"},\"query-input\":\"required name=search_term_string\"}],\"inLanguage\":\"it-IT\"},{\"@type\":\"ImageObject\",\"@id\":\"https:\/\/www.idealdieta.it\/?p=129#primaryimage\",\"inLanguage\":\"it-IT\",\"url\":\"https:\/\/www.idealdieta.it\/wp\/wp-content\/uploads\/2022\/02\/ridere-di-gusto-2011.jpg\",\"contentUrl\":\"https:\/\/www.idealdieta.it\/wp\/wp-content\/uploads\/2022\/02\/ridere-di-gusto-2011.jpg\",\"width\":268,\"height\":188},{\"@type\":\"WebPage\",\"@id\":\"https:\/\/www.idealdieta.it\/?p=129#webpage\",\"url\":\"https:\/\/www.idealdieta.it\/?p=129\",\"name\":\"L\u2019alimentazione pu\u00f2 prevenire il cervello dai danni dell\u2019Alzheimer - idealdieta\",\"isPartOf\":{\"@id\":\"https:\/\/www.idealdieta.it\/#website\"},\"primaryImageOfPage\":{\"@id\":\"https:\/\/www.idealdieta.it\/?p=129#primaryimage\"},\"datePublished\":\"2012-01-17T06:59:24+00:00\",\"dateModified\":\"2022-02-17T21:07:16+00:00\",\"author\":{\"@id\":\"https:\/\/www.idealdieta.it\/#\/schema\/person\/5e7ffd9a0fbc7e89a6a8b713476f05f9\"},\"breadcrumb\":{\"@id\":\"https:\/\/www.idealdieta.it\/?p=129#breadcrumb\"},\"inLanguage\":\"it-IT\",\"potentialAction\":[{\"@type\":\"ReadAction\",\"target\":[\"https:\/\/www.idealdieta.it\/?p=129\"]}]},{\"@type\":\"BreadcrumbList\",\"@id\":\"https:\/\/www.idealdieta.it\/?p=129#breadcrumb\",\"itemListElement\":[{\"@type\":\"ListItem\",\"position\":1,\"name\":\"Home\",\"item\":\"https:\/\/www.idealdieta.it\/\"},{\"@type\":\"ListItem\",\"position\":2,\"name\":\"L\u2019alimentazione pu\u00f2 prevenire il cervello dai danni dell\u2019Alzheimer\"}]},{\"@type\":\"Person\",\"@id\":\"https:\/\/www.idealdieta.it\/#\/schema\/person\/5e7ffd9a0fbc7e89a6a8b713476f05f9\",\"name\":\"idealdieta\",\"image\":{\"@type\":\"ImageObject\",\"@id\":\"https:\/\/www.idealdieta.it\/#personlogo\",\"inLanguage\":\"it-IT\",\"url\":\"https:\/\/secure.gravatar.com\/avatar\/ba03c8f631293222f0289adc8c76b19b4ae6f013eec7163363d536345dbdc3ea?s=96&d=mm&r=g\",\"contentUrl\":\"https:\/\/secure.gravatar.com\/avatar\/ba03c8f631293222f0289adc8c76b19b4ae6f013eec7163363d536345dbdc3ea?s=96&d=mm&r=g\",\"caption\":\"idealdieta\"},\"sameAs\":[\"https:\/\/www.idealdieta.it\/wp\"],\"url\":\"https:\/\/www.idealdieta.it\/?author=1\"}]}<\/script>\r\n<!-- \/ Yoast SEO plugin. -->","yoast_head_json":{"title":"L\u2019alimentazione pu\u00f2 prevenire il cervello dai danni dell\u2019Alzheimer - idealdieta","robots":{"index":"index","follow":"follow","max-snippet":"max-snippet:-1","max-image-preview":"max-image-preview:large","max-video-preview":"max-video-preview:-1"},"canonical":"https:\/\/www.idealdieta.it\/?p=129","og_locale":"it_IT","og_type":"article","og_title":"L\u2019alimentazione pu\u00f2 prevenire il cervello dai danni dell\u2019Alzheimer - idealdieta","og_description":"Le persone con un\u2019alimentazione ad alto contenuto di vitamine o di acidi grassi omega 3 hanno meno probabilit\u00e0","og_url":"https:\/\/www.idealdieta.it\/?p=129","og_site_name":"idealdieta","article_published_time":"2012-01-17T06:59:24+00:00","article_modified_time":"2022-02-17T21:07:16+00:00","og_image":[{"width":268,"height":188,"url":"https:\/\/www.idealdieta.it\/wp\/wp-content\/uploads\/2022\/02\/ridere-di-gusto-2011.jpg","type":"image\/jpeg"}],"twitter_card":"summary_large_image","twitter_misc":{"Scritto da":"idealdieta","Tempo di lettura stimato":"3 minuti"},"schema":{"@context":"https:\/\/schema.org","@graph":[{"@type":"WebSite","@id":"https:\/\/www.idealdieta.it\/#website","url":"https:\/\/www.idealdieta.it\/","name":"idealdieta","description":"Diete, Psicologia e Societ\u00e0 dal 2006","potentialAction":[{"@type":"SearchAction","target":{"@type":"EntryPoint","urlTemplate":"https:\/\/www.idealdieta.it\/?s={search_term_string}"},"query-input":"required name=search_term_string"}],"inLanguage":"it-IT"},{"@type":"ImageObject","@id":"https:\/\/www.idealdieta.it\/?p=129#primaryimage","inLanguage":"it-IT","url":"https:\/\/www.idealdieta.it\/wp\/wp-content\/uploads\/2022\/02\/ridere-di-gusto-2011.jpg","contentUrl":"https:\/\/www.idealdieta.it\/wp\/wp-content\/uploads\/2022\/02\/ridere-di-gusto-2011.jpg","width":268,"height":188},{"@type":"WebPage","@id":"https:\/\/www.idealdieta.it\/?p=129#webpage","url":"https:\/\/www.idealdieta.it\/?p=129","name":"L\u2019alimentazione pu\u00f2 prevenire il cervello dai danni dell\u2019Alzheimer - idealdieta","isPartOf":{"@id":"https:\/\/www.idealdieta.it\/#website"},"primaryImageOfPage":{"@id":"https:\/\/www.idealdieta.it\/?p=129#primaryimage"},"datePublished":"2012-01-17T06:59:24+00:00","dateModified":"2022-02-17T21:07:16+00:00","author":{"@id":"https:\/\/www.idealdieta.it\/#\/schema\/person\/5e7ffd9a0fbc7e89a6a8b713476f05f9"},"breadcrumb":{"@id":"https:\/\/www.idealdieta.it\/?p=129#breadcrumb"},"inLanguage":"it-IT","potentialAction":[{"@type":"ReadAction","target":["https:\/\/www.idealdieta.it\/?p=129"]}]},{"@type":"BreadcrumbList","@id":"https:\/\/www.idealdieta.it\/?p=129#breadcrumb","itemListElement":[{"@type":"ListItem","position":1,"name":"Home","item":"https:\/\/www.idealdieta.it\/"},{"@type":"ListItem","position":2,"name":"L\u2019alimentazione pu\u00f2 prevenire il cervello dai danni dell\u2019Alzheimer"}]},{"@type":"Person","@id":"https:\/\/www.idealdieta.it\/#\/schema\/person\/5e7ffd9a0fbc7e89a6a8b713476f05f9","name":"idealdieta","image":{"@type":"ImageObject","@id":"https:\/\/www.idealdieta.it\/#personlogo","inLanguage":"it-IT","url":"https:\/\/secure.gravatar.com\/avatar\/ba03c8f631293222f0289adc8c76b19b4ae6f013eec7163363d536345dbdc3ea?s=96&d=mm&r=g","contentUrl":"https:\/\/secure.gravatar.com\/avatar\/ba03c8f631293222f0289adc8c76b19b4ae6f013eec7163363d536345dbdc3ea?s=96&d=mm&r=g","caption":"idealdieta"},"sameAs":["https:\/\/www.idealdieta.it\/wp"],"url":"https:\/\/www.idealdieta.it\/?author=1"}]}},"_links":{"self":[{"href":"https:\/\/www.idealdieta.it\/index.php?rest_route=\/wp\/v2\/posts\/129","targetHints":{"allow":["GET"]}}],"collection":[{"href":"https:\/\/www.idealdieta.it\/index.php?rest_route=\/wp\/v2\/posts"}],"about":[{"href":"https:\/\/www.idealdieta.it\/index.php?rest_route=\/wp\/v2\/types\/post"}],"author":[{"embeddable":true,"href":"https:\/\/www.idealdieta.it\/index.php?rest_route=\/wp\/v2\/users\/1"}],"replies":[{"embeddable":true,"href":"https:\/\/www.idealdieta.it\/index.php?rest_route=%2Fwp%2Fv2%2Fcomments&post=129"}],"version-history":[{"count":2,"href":"https:\/\/www.idealdieta.it\/index.php?rest_route=\/wp\/v2\/posts\/129\/revisions"}],"predecessor-version":[{"id":132,"href":"https:\/\/www.idealdieta.it\/index.php?rest_route=\/wp\/v2\/posts\/129\/revisions\/132"}],"wp:featuredmedia":[{"embeddable":true,"href":"https:\/\/www.idealdieta.it\/index.php?rest_route=\/wp\/v2\/media\/130"}],"wp:attachment":[{"href":"https:\/\/www.idealdieta.it\/index.php?rest_route=%2Fwp%2Fv2%2Fmedia&parent=129"}],"wp:term":[{"taxonomy":"category","embeddable":true,"href":"https:\/\/www.idealdieta.it\/index.php?rest_route=%2Fwp%2Fv2%2Fcategories&post=129"},{"taxonomy":"post_tag","embeddable":true,"href":"https:\/\/www.idealdieta.it\/index.php?rest_route=%2Fwp%2Fv2%2Ftags&post=129"}],"curies":[{"name":"wp","href":"https:\/\/api.w.org\/{rel}","templated":true}]}}