{"id":225,"date":"2012-07-10T19:08:17","date_gmt":"2012-07-10T18:08:17","guid":{"rendered":"https:\/\/www.idealdieta.it\/?p=225"},"modified":"2022-02-18T19:10:02","modified_gmt":"2022-02-18T18:10:02","slug":"dieta-acidificante-per-combattere-la-cellulite","status":"publish","type":"post","link":"https:\/\/www.idealdieta.it\/?p=225","title":{"rendered":"Dieta acidificante per combattere la cellulite"},"content":{"rendered":"<div class=\"fcbkbttn_buttons_block\" id=\"fcbkbttn_left\"><div class=\"fcbkbttn_like \"><div class=\"fb-like fb-like-box_count\" data-href=\"https:\/\/www.idealdieta.it\/?p=225\" data-colorscheme=\"light\" data-layout=\"box_count\" data-action=\"like\"  data-size=\"small\"><\/div><\/div><div class=\"fb-share-button  \" data-href=\"https:\/\/www.idealdieta.it\/?p=225\" data-type=\"button_count\" data-size=\"small\"><\/div><\/div><p>A causare la cellulite non sarebbe come pensato fino a questo momento l\u2019insufficienza del sistema venoso ma il tessuto adiposo la causa principale della comparsa di questo fastidioso inestetismo; questa notizia \u00e8 stata comunicata in occasione del convegno nazionale della societ\u00e0 taliana di medicina estetica in corso a Roma. Una scoperta che potrebbe cambiare anche radicalmente le cure per tutti gli italiani, circa 24 milioni che ne soffrono;<\/p>\n<p><!--more--><\/p>\n<p>ricordiamo infatti che proprio la pelle a buccia d\u2019arancia \u00e8 tra gli inestetismi pi\u00f9 diffusi, \u00e8 ben poco tollerata e colpisce anche le persone magre. Spesso nel nostro blog abbiamo parlato di rimedi come massaggi, creme ad hoc ed anche diete per poterla attenuare e, pare che proprio un regime alimentare particolare sia in grado di aiutarci a rendere la cellulite meno evidente.<\/p>\n<p>Il dott. Emanuele Bartoletti, Segretario della Societ\u00e0 italiana di Medicina estetica speiga<br \/>\n<i><br \/>\nFino ad oggi si \u00e8 considerata l\u2019insufficienza venosa come principale causa, ma molte nuove ricerche italiane e internazionali dimostrano che \u00e8 invece il tessuto adiposo, che agisce come un organo endocrino, a infiammare i tessuti e innescare le trasformazioni della pelle a buccia di arancia<\/i><\/p>\n<p>Questa infiammazione potrebbe essere attenuata grazie ad una dieta mirata, a base di cibi \u201cacidi\u201d e \u201calcalini\u201d; quindi questa particolare dieta potrebbe essere la nuova soluzione contro la cellulite come spiega il Dott. Pier Antonio Bacci, professore di Medicina estetica presso l\u2019Universit\u00e0 di Siena<br \/>\n<i><br \/>\nGli adipociti innescano uno stato infiammatorio a cui si associa un processo di acidificazione dei tessuti. La \u2018dieta acidificante\u2019 si basa su alimenti alcalini, come frutta, verdura e legumi, che aumentano il pH dei cibi e diminuiscono lo stato infiammatorio del tessuto coinvolto<br \/>\n<\/i><br \/>\nChe ne dite: potremmo provare e vedere se agendo in maniera diversa i cuscinetti si attenueranno o meno.<\/p>\n","protected":false},"excerpt":{"rendered":"<p>A causare la cellulite non sarebbe come pensato fino a questo momento l\u2019insufficienza del sistema venoso ma il<\/p>\n","protected":false},"author":1,"featured_media":226,"comment_status":"open","ping_status":"open","sticky":false,"template":"","format":"standard","meta":{"footnotes":""},"categories":[14,15],"tags":[107],"class_list":["post-225","post","type-post","status-publish","format-standard","has-post-thumbnail","hentry","category-dieta-societa","category-diete-bellezza","tag-cellulite"],"yoast_head":"<!-- This site is optimized with the Yoast SEO plugin v18.5.1 - https:\/\/yoast.com\/wordpress\/plugins\/seo\/ -->\r\n<title>Dieta acidificante per combattere la cellulite - idealdieta<\/title>\r\n<meta name=\"robots\" content=\"index, follow, max-snippet:-1, max-image-preview:large, max-video-preview:-1\" \/>\r\n<link rel=\"canonical\" href=\"https:\/\/www.idealdieta.it\/?p=225\" \/>\r\n<meta property=\"og:locale\" content=\"it_IT\" \/>\r\n<meta property=\"og:type\" content=\"article\" \/>\r\n<meta property=\"og:title\" content=\"Dieta acidificante per combattere la cellulite - idealdieta\" \/>\r\n<meta property=\"og:description\" content=\"A causare la cellulite non sarebbe come pensato fino a questo momento l\u2019insufficienza del sistema venoso ma il\" \/>\r\n<meta property=\"og:url\" content=\"https:\/\/www.idealdieta.it\/?p=225\" \/>\r\n<meta property=\"og:site_name\" content=\"idealdieta\" \/>\r\n<meta property=\"article:published_time\" content=\"2012-07-10T18:08:17+00:00\" \/>\r\n<meta property=\"article:modified_time\" content=\"2022-02-18T18:10:02+00:00\" \/>\r\n<meta property=\"og:image\" content=\"https:\/\/www.idealdieta.it\/wp\/wp-content\/uploads\/2022\/02\/ragazza.lato_.b.jpg\" \/>\r\n\t<meta property=\"og:image:width\" content=\"276\" \/>\r\n\t<meta property=\"og:image:height\" content=\"183\" \/>\r\n\t<meta property=\"og:image:type\" content=\"image\/jpeg\" \/>\r\n<meta name=\"twitter:card\" content=\"summary_large_image\" \/>\r\n<meta name=\"twitter:label1\" content=\"Scritto da\" \/>\n\t<meta name=\"twitter:data1\" content=\"idealdieta\" \/>\n\t<meta name=\"twitter:label2\" content=\"Tempo di lettura stimato\" \/>\n\t<meta name=\"twitter:data2\" content=\"1 minuto\" \/>\r\n<script type=\"application\/ld+json\" class=\"yoast-schema-graph\">{\"@context\":\"https:\/\/schema.org\",\"@graph\":[{\"@type\":\"WebSite\",\"@id\":\"https:\/\/www.idealdieta.it\/#website\",\"url\":\"https:\/\/www.idealdieta.it\/\",\"name\":\"idealdieta\",\"description\":\"Diete, Psicologia e Societ\u00e0 dal 2006\",\"potentialAction\":[{\"@type\":\"SearchAction\",\"target\":{\"@type\":\"EntryPoint\",\"urlTemplate\":\"https:\/\/www.idealdieta.it\/?s={search_term_string}\"},\"query-input\":\"required name=search_term_string\"}],\"inLanguage\":\"it-IT\"},{\"@type\":\"ImageObject\",\"@id\":\"https:\/\/www.idealdieta.it\/?p=225#primaryimage\",\"inLanguage\":\"it-IT\",\"url\":\"https:\/\/www.idealdieta.it\/wp\/wp-content\/uploads\/2022\/02\/ragazza.lato_.b.jpg\",\"contentUrl\":\"https:\/\/www.idealdieta.it\/wp\/wp-content\/uploads\/2022\/02\/ragazza.lato_.b.jpg\",\"width\":276,\"height\":183},{\"@type\":\"WebPage\",\"@id\":\"https:\/\/www.idealdieta.it\/?p=225#webpage\",\"url\":\"https:\/\/www.idealdieta.it\/?p=225\",\"name\":\"Dieta acidificante per combattere la cellulite - idealdieta\",\"isPartOf\":{\"@id\":\"https:\/\/www.idealdieta.it\/#website\"},\"primaryImageOfPage\":{\"@id\":\"https:\/\/www.idealdieta.it\/?p=225#primaryimage\"},\"datePublished\":\"2012-07-10T18:08:17+00:00\",\"dateModified\":\"2022-02-18T18:10:02+00:00\",\"author\":{\"@id\":\"https:\/\/www.idealdieta.it\/#\/schema\/person\/5e7ffd9a0fbc7e89a6a8b713476f05f9\"},\"breadcrumb\":{\"@id\":\"https:\/\/www.idealdieta.it\/?p=225#breadcrumb\"},\"inLanguage\":\"it-IT\",\"potentialAction\":[{\"@type\":\"ReadAction\",\"target\":[\"https:\/\/www.idealdieta.it\/?p=225\"]}]},{\"@type\":\"BreadcrumbList\",\"@id\":\"https:\/\/www.idealdieta.it\/?p=225#breadcrumb\",\"itemListElement\":[{\"@type\":\"ListItem\",\"position\":1,\"name\":\"Home\",\"item\":\"https:\/\/www.idealdieta.it\/\"},{\"@type\":\"ListItem\",\"position\":2,\"name\":\"Dieta acidificante per combattere la cellulite\"}]},{\"@type\":\"Person\",\"@id\":\"https:\/\/www.idealdieta.it\/#\/schema\/person\/5e7ffd9a0fbc7e89a6a8b713476f05f9\",\"name\":\"idealdieta\",\"image\":{\"@type\":\"ImageObject\",\"@id\":\"https:\/\/www.idealdieta.it\/#personlogo\",\"inLanguage\":\"it-IT\",\"url\":\"https:\/\/secure.gravatar.com\/avatar\/ba03c8f631293222f0289adc8c76b19b4ae6f013eec7163363d536345dbdc3ea?s=96&d=mm&r=g\",\"contentUrl\":\"https:\/\/secure.gravatar.com\/avatar\/ba03c8f631293222f0289adc8c76b19b4ae6f013eec7163363d536345dbdc3ea?s=96&d=mm&r=g\",\"caption\":\"idealdieta\"},\"sameAs\":[\"https:\/\/www.idealdieta.it\/wp\"],\"url\":\"https:\/\/www.idealdieta.it\/?author=1\"}]}<\/script>\r\n<!-- \/ Yoast SEO plugin. -->","yoast_head_json":{"title":"Dieta acidificante per combattere la cellulite - idealdieta","robots":{"index":"index","follow":"follow","max-snippet":"max-snippet:-1","max-image-preview":"max-image-preview:large","max-video-preview":"max-video-preview:-1"},"canonical":"https:\/\/www.idealdieta.it\/?p=225","og_locale":"it_IT","og_type":"article","og_title":"Dieta acidificante per combattere la cellulite - idealdieta","og_description":"A causare la cellulite non sarebbe come pensato fino a questo momento l\u2019insufficienza del sistema venoso ma il","og_url":"https:\/\/www.idealdieta.it\/?p=225","og_site_name":"idealdieta","article_published_time":"2012-07-10T18:08:17+00:00","article_modified_time":"2022-02-18T18:10:02+00:00","og_image":[{"width":276,"height":183,"url":"https:\/\/www.idealdieta.it\/wp\/wp-content\/uploads\/2022\/02\/ragazza.lato_.b.jpg","type":"image\/jpeg"}],"twitter_card":"summary_large_image","twitter_misc":{"Scritto da":"idealdieta","Tempo di lettura stimato":"1 minuto"},"schema":{"@context":"https:\/\/schema.org","@graph":[{"@type":"WebSite","@id":"https:\/\/www.idealdieta.it\/#website","url":"https:\/\/www.idealdieta.it\/","name":"idealdieta","description":"Diete, Psicologia e Societ\u00e0 dal 2006","potentialAction":[{"@type":"SearchAction","target":{"@type":"EntryPoint","urlTemplate":"https:\/\/www.idealdieta.it\/?s={search_term_string}"},"query-input":"required name=search_term_string"}],"inLanguage":"it-IT"},{"@type":"ImageObject","@id":"https:\/\/www.idealdieta.it\/?p=225#primaryimage","inLanguage":"it-IT","url":"https:\/\/www.idealdieta.it\/wp\/wp-content\/uploads\/2022\/02\/ragazza.lato_.b.jpg","contentUrl":"https:\/\/www.idealdieta.it\/wp\/wp-content\/uploads\/2022\/02\/ragazza.lato_.b.jpg","width":276,"height":183},{"@type":"WebPage","@id":"https:\/\/www.idealdieta.it\/?p=225#webpage","url":"https:\/\/www.idealdieta.it\/?p=225","name":"Dieta acidificante per combattere la cellulite - idealdieta","isPartOf":{"@id":"https:\/\/www.idealdieta.it\/#website"},"primaryImageOfPage":{"@id":"https:\/\/www.idealdieta.it\/?p=225#primaryimage"},"datePublished":"2012-07-10T18:08:17+00:00","dateModified":"2022-02-18T18:10:02+00:00","author":{"@id":"https:\/\/www.idealdieta.it\/#\/schema\/person\/5e7ffd9a0fbc7e89a6a8b713476f05f9"},"breadcrumb":{"@id":"https:\/\/www.idealdieta.it\/?p=225#breadcrumb"},"inLanguage":"it-IT","potentialAction":[{"@type":"ReadAction","target":["https:\/\/www.idealdieta.it\/?p=225"]}]},{"@type":"BreadcrumbList","@id":"https:\/\/www.idealdieta.it\/?p=225#breadcrumb","itemListElement":[{"@type":"ListItem","position":1,"name":"Home","item":"https:\/\/www.idealdieta.it\/"},{"@type":"ListItem","position":2,"name":"Dieta acidificante per combattere la cellulite"}]},{"@type":"Person","@id":"https:\/\/www.idealdieta.it\/#\/schema\/person\/5e7ffd9a0fbc7e89a6a8b713476f05f9","name":"idealdieta","image":{"@type":"ImageObject","@id":"https:\/\/www.idealdieta.it\/#personlogo","inLanguage":"it-IT","url":"https:\/\/secure.gravatar.com\/avatar\/ba03c8f631293222f0289adc8c76b19b4ae6f013eec7163363d536345dbdc3ea?s=96&d=mm&r=g","contentUrl":"https:\/\/secure.gravatar.com\/avatar\/ba03c8f631293222f0289adc8c76b19b4ae6f013eec7163363d536345dbdc3ea?s=96&d=mm&r=g","caption":"idealdieta"},"sameAs":["https:\/\/www.idealdieta.it\/wp"],"url":"https:\/\/www.idealdieta.it\/?author=1"}]}},"_links":{"self":[{"href":"https:\/\/www.idealdieta.it\/index.php?rest_route=\/wp\/v2\/posts\/225","targetHints":{"allow":["GET"]}}],"collection":[{"href":"https:\/\/www.idealdieta.it\/index.php?rest_route=\/wp\/v2\/posts"}],"about":[{"href":"https:\/\/www.idealdieta.it\/index.php?rest_route=\/wp\/v2\/types\/post"}],"author":[{"embeddable":true,"href":"https:\/\/www.idealdieta.it\/index.php?rest_route=\/wp\/v2\/users\/1"}],"replies":[{"embeddable":true,"href":"https:\/\/www.idealdieta.it\/index.php?rest_route=%2Fwp%2Fv2%2Fcomments&post=225"}],"version-history":[{"count":1,"href":"https:\/\/www.idealdieta.it\/index.php?rest_route=\/wp\/v2\/posts\/225\/revisions"}],"predecessor-version":[{"id":227,"href":"https:\/\/www.idealdieta.it\/index.php?rest_route=\/wp\/v2\/posts\/225\/revisions\/227"}],"wp:featuredmedia":[{"embeddable":true,"href":"https:\/\/www.idealdieta.it\/index.php?rest_route=\/wp\/v2\/media\/226"}],"wp:attachment":[{"href":"https:\/\/www.idealdieta.it\/index.php?rest_route=%2Fwp%2Fv2%2Fmedia&parent=225"}],"wp:term":[{"taxonomy":"category","embeddable":true,"href":"https:\/\/www.idealdieta.it\/index.php?rest_route=%2Fwp%2Fv2%2Fcategories&post=225"},{"taxonomy":"post_tag","embeddable":true,"href":"https:\/\/www.idealdieta.it\/index.php?rest_route=%2Fwp%2Fv2%2Ftags&post=225"}],"curies":[{"name":"wp","href":"https:\/\/api.w.org\/{rel}","templated":true}]}}