{"id":25,"date":"2011-11-24T16:38:30","date_gmt":"2011-11-24T15:38:30","guid":{"rendered":"https:\/\/www.idealdieta.it\/wp\/?p=25"},"modified":"2022-02-17T16:42:14","modified_gmt":"2022-02-17T15:42:14","slug":"come-lautunno-influenza-la-nostra-dieta","status":"publish","type":"post","link":"https:\/\/www.idealdieta.it\/?p=25","title":{"rendered":"Come l&#8217;autunno influenza la nostra dieta"},"content":{"rendered":"<div class=\"fcbkbttn_buttons_block\" id=\"fcbkbttn_left\"><div class=\"fcbkbttn_like \"><div class=\"fb-like fb-like-box_count\" data-href=\"https:\/\/www.idealdieta.it\/?p=25\" data-colorscheme=\"light\" data-layout=\"box_count\" data-action=\"like\"  data-size=\"small\"><\/div><\/div><div class=\"fb-share-button  \" data-href=\"https:\/\/www.idealdieta.it\/?p=25\" data-type=\"button_count\" data-size=\"small\"><\/div><\/div><p><img loading=\"lazy\" decoding=\"async\" class=\"size-full wp-image-26 alignleft\" src=\"https:\/\/www.idealdieta.it\/wp\/wp-content\/uploads\/2022\/02\/viale_autunnale.jpg\" alt=\"\" width=\"259\" height=\"194\" \/>L&#8217;autunno non fa bene alla digestione. Lo sanno in molti, soprattutto donne, che in questa stagione vedono moltiplicarsi i disturbi gastrointestinali.<br \/>\nArriva l&#8217;autunno e aumentano i problemi digestivi. Stipsi, gonfiore, bruciore di stomaco, reflusso gastroesofageo colpiscono un italiano su quattro (quasi 15 milioni di persone), le donne due volte pi\u00f9 degli uomini (il 25 per cento del gentil sesso \u00e8 interessato da forme croniche e la frequenza aumenta con l&#8217;avanzare dell&#8217;et\u00e0 contro solo l&#8217;11 per cento degli uomini).<\/p>\n<p><!--more--><\/p>\n<p>Questi i dati diffusi durante una conferenza stampa a Milano sulla campagna per il benessere gastrointestinale. Il motivo? Cambio di temperatura, alimentazione diversa e ritorno all&#8217;ora legale. Ma \u00e8 proprio cos\u00ec? Cosa si pu\u00f2 fare per prevenire? E perch\u00e9 ne sono pi\u00f9 colpite le donne? Lo chiediamo a Beatrice Salvioli, gastroenterologa in Humanitas che ci anticipa che &#8220;la colpa&#8221; \u00e8 della metereopatia.<\/p>\n<p>Dottoressa Salvioli, i cambiamenti autunnali acuiscono i problemi digestivi?<br \/>\n&#8220;S\u00ec, \u00e8 proprio cos\u00ec. La causa presumibilmente (nulla \u00e8 ancora del tutto provato scientificamente) risiede nella metereopatia che non significa, come spesso si crede, che una persona sia sensibile alle modifiche della temperatura e\/o stagionali solo per quanto riguarda l&#8217;umore, la cosiddetta \u2018luna storta&#8217;. In realt\u00e0, cambiando il bioritmo e le ore di luce solare, si hanno modificazioni nella produzione di alcuni neurotrasmettitori (tipo melatonina e serotonina) che incidono sia sul ritmo sonno-veglia che sul tono dell&#8217;umore. Inoltre alcune aree del sistema nervoso centrale sono sensibili ai mutamenti della temperatura, umidit\u00e0 e dei campi magnetici. Per cui, oltre a variazioni di umore (come nella cosiddetta &#8220;seasonal affective disorder&#8221;), si possono manifestare problemi di insonnia, affaticabilit\u00e0, dolori reumatici e disturbi digestivi. E&#8217; come se l&#8217;organismo si dovesse \u2018riassettare&#8217; su una nuova fase. Dall&#8217;estate all&#8217;autunno-inverno le modifiche del clima sono pi\u00f9 evidenti e, quindi, l&#8217;organismo fa pi\u00f9 fatica rispetto al passaggio inverno-primavera. Ma ogni mutamento climatico e di fuso orario, come il ritorno all&#8217;ora solare o il jet lag, porta con s\u00e9 qualche disturbo pi\u00f9 o meno evidente&#8221;.<\/p>\n<p>Ma perch\u00e9 influisce proprio sulla digestione?<br \/>\n&#8220;E&#8217; come se ci fosse un cambiamento di energia, concetto cardine della medicina cinese, secondo la quale anche il ciclo stagionale segue l&#8217;alternanza energetica riferita in particolare agli organi, per cui, per esempio, in inverno, essendo freddo, tutto \u00e8 immobile e la natura dorme. Nello specifico, durante il passaggio da una stagione a clima mite verso una con temperature rigide e con minor esposizione ai raggi solari, varia il tipo di alimentazione, sia per un maggior quantitativo di cibo assunto sia per un maggiore desiderio di carboidrati che, se ingeriti eccessivamente, facilitano la comparsa di gonfiore addominale e di alterazioni della funzionalit\u00e0 intestinale, peggiorando cos\u00ec sintomi gi\u00e0 esistenti come la dispepsia (cattiva digestione), intestino irritabile o la stipsi&#8221;.<\/p>\n<p>Perch\u00e9 le donne ne sono pi\u00f9 colpite?<br \/>\n&#8220;Le donne sono in generale pi\u00f9 predisposte a soffrire di problemi digestivi e, inoltre, sono pi\u00f9 sensibili ai mutamenti climatici e allo stress a cui \u00e8 sottoposto l&#8217;organismo, cos\u00ec come le persone anziane&#8221;.<\/p>\n<p>Cosa si pu\u00f2 fare per prevenire?<br \/>\n&#8220;Spesso \u00e8 difficile prevenire, perch\u00e9 nulla si pu\u00f2 contro i fenomeni naturali, per\u00f2, la consapevolezza e accettazione dei cambiamenti del proprio organismo sono i presupposti per non \u2018subire&#8217; e per contrastare questi disturbi, che sono molto fastidiosi. L&#8217;alimentazione deve essere bilanciata, continuando l&#8217;apporto in fibre e idratazione, come viene pi\u00f9 naturale fare durante il periodo estivo, limitando la quota di carboidrati. Mantenere l&#8217;attivit\u00e0 fisica \u00e8 fondamentale, anche se ci si deve costringere ad uscire invece che rimanere in casa al caldo, sotto le coperte! Infine, se possibile, sfruttare la luce solare, facendo passeggiate all&#8217;aria aperta, in modo da ricaricare l&#8217;umore e lo stato di benessere (tramite la produzione di neurotrasmettitori attivati dalla luce) ed abituarsi gradualmente alle \u2018nuove&#8217; temperature&#8221;.<\/p>\n","protected":false},"excerpt":{"rendered":"<p>L&#8217;autunno non fa bene alla digestione. Lo sanno in molti, soprattutto donne, che in questa stagione vedono moltiplicarsi<\/p>\n","protected":false},"author":1,"featured_media":26,"comment_status":"open","ping_status":"open","sticky":false,"template":"","format":"standard","meta":{"footnotes":""},"categories":[6],"tags":[30,26],"class_list":["post-25","post","type-post","status-publish","format-standard","has-post-thumbnail","hentry","category-dieta-salute","tag-autunno","tag-dieta"],"yoast_head":"<!-- This site is optimized with the Yoast SEO plugin v18.5.1 - https:\/\/yoast.com\/wordpress\/plugins\/seo\/ -->\r\n<title>Come l&#039;autunno influenza la nostra dieta - idealdieta<\/title>\r\n<meta name=\"robots\" content=\"index, follow, max-snippet:-1, max-image-preview:large, max-video-preview:-1\" \/>\r\n<link rel=\"canonical\" href=\"https:\/\/www.idealdieta.it\/?p=25\" \/>\r\n<meta property=\"og:locale\" content=\"it_IT\" \/>\r\n<meta property=\"og:type\" content=\"article\" \/>\r\n<meta property=\"og:title\" content=\"Come l&#039;autunno influenza la nostra dieta - idealdieta\" \/>\r\n<meta property=\"og:description\" content=\"L&#8217;autunno non fa bene alla digestione. Lo sanno in molti, soprattutto donne, che in questa stagione vedono moltiplicarsi\" \/>\r\n<meta property=\"og:url\" content=\"https:\/\/www.idealdieta.it\/?p=25\" \/>\r\n<meta property=\"og:site_name\" content=\"idealdieta\" \/>\r\n<meta property=\"article:published_time\" content=\"2011-11-24T15:38:30+00:00\" \/>\r\n<meta property=\"article:modified_time\" content=\"2022-02-17T15:42:14+00:00\" \/>\r\n<meta property=\"og:image\" content=\"https:\/\/www.idealdieta.it\/wp\/wp-content\/uploads\/2022\/02\/viale_autunnale.jpg\" \/>\r\n\t<meta property=\"og:image:width\" content=\"259\" \/>\r\n\t<meta property=\"og:image:height\" content=\"194\" \/>\r\n\t<meta property=\"og:image:type\" content=\"image\/jpeg\" \/>\r\n<meta name=\"twitter:card\" content=\"summary_large_image\" \/>\r\n<meta name=\"twitter:label1\" content=\"Scritto da\" \/>\n\t<meta name=\"twitter:data1\" content=\"idealdieta\" \/>\n\t<meta name=\"twitter:label2\" content=\"Tempo di lettura stimato\" \/>\n\t<meta name=\"twitter:data2\" content=\"3 minuti\" \/>\r\n<script type=\"application\/ld+json\" class=\"yoast-schema-graph\">{\"@context\":\"https:\/\/schema.org\",\"@graph\":[{\"@type\":\"WebSite\",\"@id\":\"https:\/\/www.idealdieta.it\/#website\",\"url\":\"https:\/\/www.idealdieta.it\/\",\"name\":\"idealdieta\",\"description\":\"Diete, Psicologia e Societ\u00e0 dal 2006\",\"potentialAction\":[{\"@type\":\"SearchAction\",\"target\":{\"@type\":\"EntryPoint\",\"urlTemplate\":\"https:\/\/www.idealdieta.it\/?s={search_term_string}\"},\"query-input\":\"required name=search_term_string\"}],\"inLanguage\":\"it-IT\"},{\"@type\":\"ImageObject\",\"@id\":\"https:\/\/www.idealdieta.it\/?p=25#primaryimage\",\"inLanguage\":\"it-IT\",\"url\":\"https:\/\/www.idealdieta.it\/wp\/wp-content\/uploads\/2022\/02\/viale_autunnale.jpg\",\"contentUrl\":\"https:\/\/www.idealdieta.it\/wp\/wp-content\/uploads\/2022\/02\/viale_autunnale.jpg\",\"width\":259,\"height\":194},{\"@type\":\"WebPage\",\"@id\":\"https:\/\/www.idealdieta.it\/?p=25#webpage\",\"url\":\"https:\/\/www.idealdieta.it\/?p=25\",\"name\":\"Come l'autunno influenza la nostra dieta - idealdieta\",\"isPartOf\":{\"@id\":\"https:\/\/www.idealdieta.it\/#website\"},\"primaryImageOfPage\":{\"@id\":\"https:\/\/www.idealdieta.it\/?p=25#primaryimage\"},\"datePublished\":\"2011-11-24T15:38:30+00:00\",\"dateModified\":\"2022-02-17T15:42:14+00:00\",\"author\":{\"@id\":\"https:\/\/www.idealdieta.it\/#\/schema\/person\/5e7ffd9a0fbc7e89a6a8b713476f05f9\"},\"breadcrumb\":{\"@id\":\"https:\/\/www.idealdieta.it\/?p=25#breadcrumb\"},\"inLanguage\":\"it-IT\",\"potentialAction\":[{\"@type\":\"ReadAction\",\"target\":[\"https:\/\/www.idealdieta.it\/?p=25\"]}]},{\"@type\":\"BreadcrumbList\",\"@id\":\"https:\/\/www.idealdieta.it\/?p=25#breadcrumb\",\"itemListElement\":[{\"@type\":\"ListItem\",\"position\":1,\"name\":\"Home\",\"item\":\"https:\/\/www.idealdieta.it\/\"},{\"@type\":\"ListItem\",\"position\":2,\"name\":\"Come l&#8217;autunno influenza la nostra dieta\"}]},{\"@type\":\"Person\",\"@id\":\"https:\/\/www.idealdieta.it\/#\/schema\/person\/5e7ffd9a0fbc7e89a6a8b713476f05f9\",\"name\":\"idealdieta\",\"image\":{\"@type\":\"ImageObject\",\"@id\":\"https:\/\/www.idealdieta.it\/#personlogo\",\"inLanguage\":\"it-IT\",\"url\":\"https:\/\/secure.gravatar.com\/avatar\/ba03c8f631293222f0289adc8c76b19b4ae6f013eec7163363d536345dbdc3ea?s=96&d=mm&r=g\",\"contentUrl\":\"https:\/\/secure.gravatar.com\/avatar\/ba03c8f631293222f0289adc8c76b19b4ae6f013eec7163363d536345dbdc3ea?s=96&d=mm&r=g\",\"caption\":\"idealdieta\"},\"sameAs\":[\"https:\/\/www.idealdieta.it\/wp\"],\"url\":\"https:\/\/www.idealdieta.it\/?author=1\"}]}<\/script>\r\n<!-- \/ Yoast SEO plugin. -->","yoast_head_json":{"title":"Come l'autunno influenza la nostra dieta - idealdieta","robots":{"index":"index","follow":"follow","max-snippet":"max-snippet:-1","max-image-preview":"max-image-preview:large","max-video-preview":"max-video-preview:-1"},"canonical":"https:\/\/www.idealdieta.it\/?p=25","og_locale":"it_IT","og_type":"article","og_title":"Come l'autunno influenza la nostra dieta - idealdieta","og_description":"L&#8217;autunno non fa bene alla digestione. Lo sanno in molti, soprattutto donne, che in questa stagione vedono moltiplicarsi","og_url":"https:\/\/www.idealdieta.it\/?p=25","og_site_name":"idealdieta","article_published_time":"2011-11-24T15:38:30+00:00","article_modified_time":"2022-02-17T15:42:14+00:00","og_image":[{"width":259,"height":194,"url":"https:\/\/www.idealdieta.it\/wp\/wp-content\/uploads\/2022\/02\/viale_autunnale.jpg","type":"image\/jpeg"}],"twitter_card":"summary_large_image","twitter_misc":{"Scritto da":"idealdieta","Tempo di lettura stimato":"3 minuti"},"schema":{"@context":"https:\/\/schema.org","@graph":[{"@type":"WebSite","@id":"https:\/\/www.idealdieta.it\/#website","url":"https:\/\/www.idealdieta.it\/","name":"idealdieta","description":"Diete, Psicologia e Societ\u00e0 dal 2006","potentialAction":[{"@type":"SearchAction","target":{"@type":"EntryPoint","urlTemplate":"https:\/\/www.idealdieta.it\/?s={search_term_string}"},"query-input":"required name=search_term_string"}],"inLanguage":"it-IT"},{"@type":"ImageObject","@id":"https:\/\/www.idealdieta.it\/?p=25#primaryimage","inLanguage":"it-IT","url":"https:\/\/www.idealdieta.it\/wp\/wp-content\/uploads\/2022\/02\/viale_autunnale.jpg","contentUrl":"https:\/\/www.idealdieta.it\/wp\/wp-content\/uploads\/2022\/02\/viale_autunnale.jpg","width":259,"height":194},{"@type":"WebPage","@id":"https:\/\/www.idealdieta.it\/?p=25#webpage","url":"https:\/\/www.idealdieta.it\/?p=25","name":"Come l'autunno influenza la nostra dieta - idealdieta","isPartOf":{"@id":"https:\/\/www.idealdieta.it\/#website"},"primaryImageOfPage":{"@id":"https:\/\/www.idealdieta.it\/?p=25#primaryimage"},"datePublished":"2011-11-24T15:38:30+00:00","dateModified":"2022-02-17T15:42:14+00:00","author":{"@id":"https:\/\/www.idealdieta.it\/#\/schema\/person\/5e7ffd9a0fbc7e89a6a8b713476f05f9"},"breadcrumb":{"@id":"https:\/\/www.idealdieta.it\/?p=25#breadcrumb"},"inLanguage":"it-IT","potentialAction":[{"@type":"ReadAction","target":["https:\/\/www.idealdieta.it\/?p=25"]}]},{"@type":"BreadcrumbList","@id":"https:\/\/www.idealdieta.it\/?p=25#breadcrumb","itemListElement":[{"@type":"ListItem","position":1,"name":"Home","item":"https:\/\/www.idealdieta.it\/"},{"@type":"ListItem","position":2,"name":"Come l&#8217;autunno influenza la nostra dieta"}]},{"@type":"Person","@id":"https:\/\/www.idealdieta.it\/#\/schema\/person\/5e7ffd9a0fbc7e89a6a8b713476f05f9","name":"idealdieta","image":{"@type":"ImageObject","@id":"https:\/\/www.idealdieta.it\/#personlogo","inLanguage":"it-IT","url":"https:\/\/secure.gravatar.com\/avatar\/ba03c8f631293222f0289adc8c76b19b4ae6f013eec7163363d536345dbdc3ea?s=96&d=mm&r=g","contentUrl":"https:\/\/secure.gravatar.com\/avatar\/ba03c8f631293222f0289adc8c76b19b4ae6f013eec7163363d536345dbdc3ea?s=96&d=mm&r=g","caption":"idealdieta"},"sameAs":["https:\/\/www.idealdieta.it\/wp"],"url":"https:\/\/www.idealdieta.it\/?author=1"}]}},"_links":{"self":[{"href":"https:\/\/www.idealdieta.it\/index.php?rest_route=\/wp\/v2\/posts\/25","targetHints":{"allow":["GET"]}}],"collection":[{"href":"https:\/\/www.idealdieta.it\/index.php?rest_route=\/wp\/v2\/posts"}],"about":[{"href":"https:\/\/www.idealdieta.it\/index.php?rest_route=\/wp\/v2\/types\/post"}],"author":[{"embeddable":true,"href":"https:\/\/www.idealdieta.it\/index.php?rest_route=\/wp\/v2\/users\/1"}],"replies":[{"embeddable":true,"href":"https:\/\/www.idealdieta.it\/index.php?rest_route=%2Fwp%2Fv2%2Fcomments&post=25"}],"version-history":[{"count":2,"href":"https:\/\/www.idealdieta.it\/index.php?rest_route=\/wp\/v2\/posts\/25\/revisions"}],"predecessor-version":[{"id":28,"href":"https:\/\/www.idealdieta.it\/index.php?rest_route=\/wp\/v2\/posts\/25\/revisions\/28"}],"wp:featuredmedia":[{"embeddable":true,"href":"https:\/\/www.idealdieta.it\/index.php?rest_route=\/wp\/v2\/media\/26"}],"wp:attachment":[{"href":"https:\/\/www.idealdieta.it\/index.php?rest_route=%2Fwp%2Fv2%2Fmedia&parent=25"}],"wp:term":[{"taxonomy":"category","embeddable":true,"href":"https:\/\/www.idealdieta.it\/index.php?rest_route=%2Fwp%2Fv2%2Fcategories&post=25"},{"taxonomy":"post_tag","embeddable":true,"href":"https:\/\/www.idealdieta.it\/index.php?rest_route=%2Fwp%2Fv2%2Ftags&post=25"}],"curies":[{"name":"wp","href":"https:\/\/api.w.org\/{rel}","templated":true}]}}