{"id":29,"date":"2011-11-17T16:42:18","date_gmt":"2011-11-17T15:42:18","guid":{"rendered":"https:\/\/www.idealdieta.it\/wp\/?p=29"},"modified":"2022-02-17T16:48:00","modified_gmt":"2022-02-17T15:48:00","slug":"come-la-dieta-puo-essere-causa-di-problemi-celebrali","status":"publish","type":"post","link":"https:\/\/www.idealdieta.it\/?p=29","title":{"rendered":"Come la dieta pu\u00f2 essere causa di problemi celebrali"},"content":{"rendered":"<div class=\"fcbkbttn_buttons_block\" id=\"fcbkbttn_left\"><div class=\"fcbkbttn_like \"><div class=\"fb-like fb-like-box_count\" data-href=\"https:\/\/www.idealdieta.it\/?p=29\" data-colorscheme=\"light\" data-layout=\"box_count\" data-action=\"like\"  data-size=\"small\"><\/div><\/div><div class=\"fb-share-button  \" data-href=\"https:\/\/www.idealdieta.it\/?p=29\" data-type=\"button_count\" data-size=\"small\"><\/div><\/div><p><img loading=\"lazy\" decoding=\"async\" class=\"size-full wp-image-30 alignleft\" src=\"https:\/\/www.idealdieta.it\/wp\/wp-content\/uploads\/2022\/02\/medicina_salute_medico.jpg\" alt=\"\" width=\"276\" height=\"183\" \/>Un esempio di malattia mentale causata da allergia alimentare \u00e8 quello di un paziente del dott. H.L. Newbold di New York, che ha trascorso quasi 5 anni in un ospedale psichiatrico dove gli era stata diagnosticata la schizofrenia. Il dottore prescrisse al paziente un digiuno di cinque giorni, durante i quali poteva solo bere acqua sorgiva per purificare il suo corpo dagli allergeni.<\/p>\n<p><!--more--><\/p>\n<p>I peggiori sintomi iniziarono a scomparire. Il dottore inizi\u00f2 allora un programma di rialimentazione controllando tutti gli alimenti che avrebbero potuto causare una reazione. Si scopr\u00ec che il paziente era allergico allo zucchero, che faceva riapparire tutti i sintomi della malattia. Altri pazienti erano allergici a grano, mais, latte e fumo di sigarette.<br \/>\nMolti allergologi ritengono che la dieta moderna tipica, ricca di zuccheri non nutrienti e di alimenti raffinati, non fornisca una nutrizione ottimale al corpo umano e che quindi diminuisca la resistenza alle allergie. Il consumo di dolci dovrebbe essere minimo. I cibi ricchi di vitamine del complesso B e in particolare di niacina sono il tonno, i pomodori, le carote, il pollo, il tacchino, le uova, i fagioli, i piselli, i semi di girasole, il lievito di birra, il burro di arachidi, la passera di mare, i latticini a basso contenuto di grassi, i fagioli di soia, le noci, il mais, il miglio, il riso e le patate.<br \/>\nIl grano e i prodotti che lo contengono dovrebbero essere evitati perch\u00e9 il glutine pu\u00f2 scatenare allergie. Evitate l\u2019alcool, il caff\u00e8, la coca cola e gli altri alimenti che contengono caffeina come il cioccolato e il t\u00e8. Si \u00e8 scoperto che gli additivi e i conservanti alimentari, i residui di pesticidi sugli alimenti, l\u2019inquinamento ambientale, i detersivi per la pulizia della casa, il cloro e il fluoro presenti nell\u2019acqua potabile, possono scatenare reazioni allergiche. Nei bambini che presentano tendenze all\u2019auto-mutilazione sono stati riscontrati livelli eccessivi di acido urico. Gli alimenti che contengono purine, come sughi e brodi di carne, interiora, panini dolci, crostacei, acciughe, sardine, aringhe, cozze, funghi e asparagi dovrebbero essere evitati.<\/p>\n<p>Uno dei sintomi della schizofrenia e dei disturbi da personalit\u00e0 paranoide \u00e8 il timore che il cibo possa essere stato avvelenato, una paura che pu\u00f2 contribuire alla malnutrizione dell\u2019individuo. Un\u2019educazione alimentare che insegni cosa mangiare e cosa no, pur permettendo all\u2019individuo di seguire le sue preferenze, pu\u00f2 essere d\u2019aiuto.<br \/>\nLe sostanze nutritive possono dare risultati positivi. Gli integratori di sostanze nutritive servono a correggere il problema alla fonte e non a mascherarlo, quindi la risposta pu\u00f2 essere lenta. Qualche volta sono necessari dai tre ai sei mesi perch\u00e9 i cambiamenti diventino apparenti. E\u2019 stato dimostrato che la terapia megavitaminica per i disturbi psicologici ha raddoppiato il tasso di guarigione e pu\u00f2 eliminare le tendenze suicide negli schizofrenici. Sono consigliate le megadosi di vitamine B3, B6, C ed E.<br \/>\nSi \u00e8 scoperto le vitamine A, B1, B2, B3, B6, C, D ed E e l\u2019acido pantotenico, possono diminuire o bloccare le reazioni allergiche e favorire il benessere globale. Pu\u00f2 essere necessaria l\u2019assunzione di integratori di aminoacidi. E\u2019 necessario che il rapporto fosforo-calcio (1 a 2) sia equilibrato per un buon nutrimento di tutto il sistema nervoso.<br \/>\nL\u2019acido pantotenico \u00e8 essenziale per dare all\u2019organismo la capacit\u00e0 di gestire situazioni stressanti. La mancanza di ossigeno \u00e8 responsabile di molti casi di disturbi nervosi, perch\u00e9 il corpo ha bisogno di un flusso ininterrotto di ossigeno, non solo per funzionare correttamente, ma anche per rimanere in vita. La vitamina E conserva l\u2019ossigeno e ne aumenta la quantit\u00e0 disponibile per il cervello.<\/p>\n<p>Alcuni scienziati del Massachusetts Institute of Technology hanno scoperto che la colina ha un effetto diretto e quasi immediato sulla funzionalit\u00e0 cerebrale. A causa di questa scoperta la colina \u00e8 stata usata con successo per il trattamento di una malattia neurologica chiamata discinesia tardiva (causata in alcuni individui dai farmaci usati per la schizofrenia e che causa tremori e altri movimenti involontari del corpo) e per disturbi maniaco-depressivi. E\u2019 una sostanza che potrebbe anche aumentare la memoria nelle persone anziane. Il livello elevato di rame presente in molti schizofrenici pu\u00f2 essere ridotto con l\u2019assunzione di zinco e manganese.<br \/>\nI rimedi di aromaterapia per l\u2019ansia includono il basilico, il bergamotto, il cedro, la camomilla romana, la sclarea, il cipresso, l\u2019incenso, il geranio, il ginepro, il limone, la maggiorana dolce, la mirra, i fiori d\u2019arancio, l\u2019arancia, il paciuli, il petit-grain, rosa di damasco, il sandalo, il vetiver e l\u2019ylang-ylang.<\/p>\n<p>SOSTANZE NUTRITIVE CHE POSSONO ESSERE EFFICACI NELLA CURA DELLE MALATTIE MENTALI E DELLA SCHIZOFRENIA:<\/p>\n<p>Organi Sostanze Quantit\u00e0*<br \/>\nGenerale Vitamina A<br \/>\nComplesso B 100 mg 3 volte al d\u00ec<br \/>\nVitamina B1<br \/>\nVitamina B2<br \/>\nNiacinamide 1000 mg al d\u00ec<br \/>\nVitamina B6 100 mg 2 volte al d\u00ec<br \/>\nVitamina B12 Iniezioni<br \/>\nAcido pantotenico<br \/>\nVitamina C con bioflavonoidi 5000-10.000 mg al d\u00ec<br \/>\nVitamina D<br \/>\nVitamina E 800 UI aumentando lentamente sino a 1000 UI<br \/>\nCoenzima Q10 75 mg al d\u00ec<br \/>\nLecitina 1 cucchiaio prima dei pasti<br \/>\nCalcio<br \/>\nFosforo<br \/>\nAcidi grassi essenziali Olio di enotera, 2 capsule 3 volte al d\u00ec<br \/>\nProteine Aminoacidi in forma libera<br \/>\nL-glutammina Insieme alla vitamina B6 e alla vitamina C, 1-4 g al d\u00ec a stomaco vuoto<br \/>\nKelp 8 compresse al d\u00ec<br \/>\nMagnesio<br \/>\nZinco<\/p>\n","protected":false},"excerpt":{"rendered":"<p>Un esempio di malattia mentale causata da allergia alimentare \u00e8 quello di un paziente del dott. H.L. Newbold<\/p>\n","protected":false},"author":1,"featured_media":30,"comment_status":"open","ping_status":"open","sticky":false,"template":"","format":"standard","meta":{"footnotes":""},"categories":[6],"tags":[31,26],"class_list":["post-29","post","type-post","status-publish","format-standard","has-post-thumbnail","hentry","category-dieta-salute","tag-cervello","tag-dieta"],"yoast_head":"<!-- This site is optimized with the Yoast SEO plugin v18.5.1 - https:\/\/yoast.com\/wordpress\/plugins\/seo\/ -->\r\n<title>Come la dieta pu\u00f2 essere causa di problemi celebrali - idealdieta<\/title>\r\n<meta name=\"robots\" content=\"index, follow, max-snippet:-1, max-image-preview:large, max-video-preview:-1\" \/>\r\n<link rel=\"canonical\" href=\"https:\/\/www.idealdieta.it\/?p=29\" \/>\r\n<meta property=\"og:locale\" content=\"it_IT\" \/>\r\n<meta property=\"og:type\" content=\"article\" \/>\r\n<meta property=\"og:title\" content=\"Come la dieta pu\u00f2 essere causa di problemi celebrali - idealdieta\" \/>\r\n<meta property=\"og:description\" content=\"Un esempio di malattia mentale causata da allergia alimentare \u00e8 quello di un paziente del dott. H.L. Newbold\" \/>\r\n<meta property=\"og:url\" content=\"https:\/\/www.idealdieta.it\/?p=29\" \/>\r\n<meta property=\"og:site_name\" content=\"idealdieta\" \/>\r\n<meta property=\"article:published_time\" content=\"2011-11-17T15:42:18+00:00\" \/>\r\n<meta property=\"article:modified_time\" content=\"2022-02-17T15:48:00+00:00\" \/>\r\n<meta property=\"og:image\" content=\"https:\/\/www.idealdieta.it\/wp\/wp-content\/uploads\/2022\/02\/medicina_salute_medico.jpg\" \/>\r\n\t<meta property=\"og:image:width\" content=\"276\" \/>\r\n\t<meta property=\"og:image:height\" content=\"183\" \/>\r\n\t<meta property=\"og:image:type\" content=\"image\/jpeg\" \/>\r\n<meta name=\"twitter:card\" content=\"summary_large_image\" \/>\r\n<meta name=\"twitter:label1\" content=\"Scritto da\" \/>\n\t<meta name=\"twitter:data1\" content=\"idealdieta\" \/>\n\t<meta name=\"twitter:label2\" content=\"Tempo di lettura stimato\" \/>\n\t<meta name=\"twitter:data2\" content=\"4 minuti\" \/>\r\n<script type=\"application\/ld+json\" class=\"yoast-schema-graph\">{\"@context\":\"https:\/\/schema.org\",\"@graph\":[{\"@type\":\"WebSite\",\"@id\":\"https:\/\/www.idealdieta.it\/#website\",\"url\":\"https:\/\/www.idealdieta.it\/\",\"name\":\"idealdieta\",\"description\":\"Diete, Psicologia e Societ\u00e0 dal 2006\",\"potentialAction\":[{\"@type\":\"SearchAction\",\"target\":{\"@type\":\"EntryPoint\",\"urlTemplate\":\"https:\/\/www.idealdieta.it\/?s={search_term_string}\"},\"query-input\":\"required name=search_term_string\"}],\"inLanguage\":\"it-IT\"},{\"@type\":\"ImageObject\",\"@id\":\"https:\/\/www.idealdieta.it\/?p=29#primaryimage\",\"inLanguage\":\"it-IT\",\"url\":\"https:\/\/www.idealdieta.it\/wp\/wp-content\/uploads\/2022\/02\/medicina_salute_medico.jpg\",\"contentUrl\":\"https:\/\/www.idealdieta.it\/wp\/wp-content\/uploads\/2022\/02\/medicina_salute_medico.jpg\",\"width\":276,\"height\":183},{\"@type\":\"WebPage\",\"@id\":\"https:\/\/www.idealdieta.it\/?p=29#webpage\",\"url\":\"https:\/\/www.idealdieta.it\/?p=29\",\"name\":\"Come la dieta pu\u00f2 essere causa di problemi celebrali - idealdieta\",\"isPartOf\":{\"@id\":\"https:\/\/www.idealdieta.it\/#website\"},\"primaryImageOfPage\":{\"@id\":\"https:\/\/www.idealdieta.it\/?p=29#primaryimage\"},\"datePublished\":\"2011-11-17T15:42:18+00:00\",\"dateModified\":\"2022-02-17T15:48:00+00:00\",\"author\":{\"@id\":\"https:\/\/www.idealdieta.it\/#\/schema\/person\/5e7ffd9a0fbc7e89a6a8b713476f05f9\"},\"breadcrumb\":{\"@id\":\"https:\/\/www.idealdieta.it\/?p=29#breadcrumb\"},\"inLanguage\":\"it-IT\",\"potentialAction\":[{\"@type\":\"ReadAction\",\"target\":[\"https:\/\/www.idealdieta.it\/?p=29\"]}]},{\"@type\":\"BreadcrumbList\",\"@id\":\"https:\/\/www.idealdieta.it\/?p=29#breadcrumb\",\"itemListElement\":[{\"@type\":\"ListItem\",\"position\":1,\"name\":\"Home\",\"item\":\"https:\/\/www.idealdieta.it\/\"},{\"@type\":\"ListItem\",\"position\":2,\"name\":\"Come la dieta pu\u00f2 essere causa di problemi celebrali\"}]},{\"@type\":\"Person\",\"@id\":\"https:\/\/www.idealdieta.it\/#\/schema\/person\/5e7ffd9a0fbc7e89a6a8b713476f05f9\",\"name\":\"idealdieta\",\"image\":{\"@type\":\"ImageObject\",\"@id\":\"https:\/\/www.idealdieta.it\/#personlogo\",\"inLanguage\":\"it-IT\",\"url\":\"https:\/\/secure.gravatar.com\/avatar\/ba03c8f631293222f0289adc8c76b19b4ae6f013eec7163363d536345dbdc3ea?s=96&d=mm&r=g\",\"contentUrl\":\"https:\/\/secure.gravatar.com\/avatar\/ba03c8f631293222f0289adc8c76b19b4ae6f013eec7163363d536345dbdc3ea?s=96&d=mm&r=g\",\"caption\":\"idealdieta\"},\"sameAs\":[\"https:\/\/www.idealdieta.it\/wp\"],\"url\":\"https:\/\/www.idealdieta.it\/?author=1\"}]}<\/script>\r\n<!-- \/ Yoast SEO plugin. -->","yoast_head_json":{"title":"Come la dieta pu\u00f2 essere causa di problemi celebrali - idealdieta","robots":{"index":"index","follow":"follow","max-snippet":"max-snippet:-1","max-image-preview":"max-image-preview:large","max-video-preview":"max-video-preview:-1"},"canonical":"https:\/\/www.idealdieta.it\/?p=29","og_locale":"it_IT","og_type":"article","og_title":"Come la dieta pu\u00f2 essere causa di problemi celebrali - idealdieta","og_description":"Un esempio di malattia mentale causata da allergia alimentare \u00e8 quello di un paziente del dott. H.L. Newbold","og_url":"https:\/\/www.idealdieta.it\/?p=29","og_site_name":"idealdieta","article_published_time":"2011-11-17T15:42:18+00:00","article_modified_time":"2022-02-17T15:48:00+00:00","og_image":[{"width":276,"height":183,"url":"https:\/\/www.idealdieta.it\/wp\/wp-content\/uploads\/2022\/02\/medicina_salute_medico.jpg","type":"image\/jpeg"}],"twitter_card":"summary_large_image","twitter_misc":{"Scritto da":"idealdieta","Tempo di lettura stimato":"4 minuti"},"schema":{"@context":"https:\/\/schema.org","@graph":[{"@type":"WebSite","@id":"https:\/\/www.idealdieta.it\/#website","url":"https:\/\/www.idealdieta.it\/","name":"idealdieta","description":"Diete, Psicologia e Societ\u00e0 dal 2006","potentialAction":[{"@type":"SearchAction","target":{"@type":"EntryPoint","urlTemplate":"https:\/\/www.idealdieta.it\/?s={search_term_string}"},"query-input":"required name=search_term_string"}],"inLanguage":"it-IT"},{"@type":"ImageObject","@id":"https:\/\/www.idealdieta.it\/?p=29#primaryimage","inLanguage":"it-IT","url":"https:\/\/www.idealdieta.it\/wp\/wp-content\/uploads\/2022\/02\/medicina_salute_medico.jpg","contentUrl":"https:\/\/www.idealdieta.it\/wp\/wp-content\/uploads\/2022\/02\/medicina_salute_medico.jpg","width":276,"height":183},{"@type":"WebPage","@id":"https:\/\/www.idealdieta.it\/?p=29#webpage","url":"https:\/\/www.idealdieta.it\/?p=29","name":"Come la dieta pu\u00f2 essere causa di problemi celebrali - idealdieta","isPartOf":{"@id":"https:\/\/www.idealdieta.it\/#website"},"primaryImageOfPage":{"@id":"https:\/\/www.idealdieta.it\/?p=29#primaryimage"},"datePublished":"2011-11-17T15:42:18+00:00","dateModified":"2022-02-17T15:48:00+00:00","author":{"@id":"https:\/\/www.idealdieta.it\/#\/schema\/person\/5e7ffd9a0fbc7e89a6a8b713476f05f9"},"breadcrumb":{"@id":"https:\/\/www.idealdieta.it\/?p=29#breadcrumb"},"inLanguage":"it-IT","potentialAction":[{"@type":"ReadAction","target":["https:\/\/www.idealdieta.it\/?p=29"]}]},{"@type":"BreadcrumbList","@id":"https:\/\/www.idealdieta.it\/?p=29#breadcrumb","itemListElement":[{"@type":"ListItem","position":1,"name":"Home","item":"https:\/\/www.idealdieta.it\/"},{"@type":"ListItem","position":2,"name":"Come la dieta pu\u00f2 essere causa di problemi celebrali"}]},{"@type":"Person","@id":"https:\/\/www.idealdieta.it\/#\/schema\/person\/5e7ffd9a0fbc7e89a6a8b713476f05f9","name":"idealdieta","image":{"@type":"ImageObject","@id":"https:\/\/www.idealdieta.it\/#personlogo","inLanguage":"it-IT","url":"https:\/\/secure.gravatar.com\/avatar\/ba03c8f631293222f0289adc8c76b19b4ae6f013eec7163363d536345dbdc3ea?s=96&d=mm&r=g","contentUrl":"https:\/\/secure.gravatar.com\/avatar\/ba03c8f631293222f0289adc8c76b19b4ae6f013eec7163363d536345dbdc3ea?s=96&d=mm&r=g","caption":"idealdieta"},"sameAs":["https:\/\/www.idealdieta.it\/wp"],"url":"https:\/\/www.idealdieta.it\/?author=1"}]}},"_links":{"self":[{"href":"https:\/\/www.idealdieta.it\/index.php?rest_route=\/wp\/v2\/posts\/29","targetHints":{"allow":["GET"]}}],"collection":[{"href":"https:\/\/www.idealdieta.it\/index.php?rest_route=\/wp\/v2\/posts"}],"about":[{"href":"https:\/\/www.idealdieta.it\/index.php?rest_route=\/wp\/v2\/types\/post"}],"author":[{"embeddable":true,"href":"https:\/\/www.idealdieta.it\/index.php?rest_route=\/wp\/v2\/users\/1"}],"replies":[{"embeddable":true,"href":"https:\/\/www.idealdieta.it\/index.php?rest_route=%2Fwp%2Fv2%2Fcomments&post=29"}],"version-history":[{"count":1,"href":"https:\/\/www.idealdieta.it\/index.php?rest_route=\/wp\/v2\/posts\/29\/revisions"}],"predecessor-version":[{"id":31,"href":"https:\/\/www.idealdieta.it\/index.php?rest_route=\/wp\/v2\/posts\/29\/revisions\/31"}],"wp:featuredmedia":[{"embeddable":true,"href":"https:\/\/www.idealdieta.it\/index.php?rest_route=\/wp\/v2\/media\/30"}],"wp:attachment":[{"href":"https:\/\/www.idealdieta.it\/index.php?rest_route=%2Fwp%2Fv2%2Fmedia&parent=29"}],"wp:term":[{"taxonomy":"category","embeddable":true,"href":"https:\/\/www.idealdieta.it\/index.php?rest_route=%2Fwp%2Fv2%2Fcategories&post=29"},{"taxonomy":"post_tag","embeddable":true,"href":"https:\/\/www.idealdieta.it\/index.php?rest_route=%2Fwp%2Fv2%2Ftags&post=29"}],"curies":[{"name":"wp","href":"https:\/\/api.w.org\/{rel}","templated":true}]}}