{"id":298,"date":"2014-01-20T08:54:22","date_gmt":"2014-01-20T07:54:22","guid":{"rendered":"https:\/\/www.idealdieta.it\/?p=298"},"modified":"2022-02-20T08:57:17","modified_gmt":"2022-02-20T07:57:17","slug":"la-dieta-dei-matusalemme-sardi","status":"publish","type":"post","link":"https:\/\/www.idealdieta.it\/?p=298","title":{"rendered":"La dieta dei &#8216;matusalemme&#8217; sardi"},"content":{"rendered":"<div class=\"fcbkbttn_buttons_block\" id=\"fcbkbttn_left\"><div class=\"fcbkbttn_like \"><div class=\"fb-like fb-like-box_count\" data-href=\"https:\/\/www.idealdieta.it\/?p=298\" data-colorscheme=\"light\" data-layout=\"box_count\" data-action=\"like\"  data-size=\"small\"><\/div><\/div><div class=\"fb-share-button  \" data-href=\"https:\/\/www.idealdieta.it\/?p=298\" data-type=\"button_count\" data-size=\"small\"><\/div><\/div><p>La fama dei centenari sardi supera i confini dell&#8217;isola e solca i mari per approdare in Gran Bretagna, dove i &#8216;matusalemme&#8217; nostrani fanno scuola insieme ai colleghi greci e giapponesi. Sognando il traguardo dei 100 anni, i sudditi della Regina guardano infatti alle loro tavole con l&#8217;obiettivo di carpire i segreti alimentari considerati alleati della longevit\u00e0. Super anziani<\/p>\n<p><!--more--><\/p>\n<p>che hanno fermato il tempo: talmente in forma da camminare ancora per chilometri e chilometri dietro a un gregge di pecore, e con la mente lucida che non cede il passo ad alcun segno di demenza senile.<\/p>\n<p>E&#8217; cos\u00ec che la dieta degli over 100 pi\u00f9 famosi al mondo si \u00e8 guadagnata la ribalta sulla stampa inglese, con tanto di citazione sul &#8216;Daily Telegraph&#8217; fra i modelli da seguire per vincere la sfida contro l&#8217;invecchiamento e iniziare il 2015 con buoni propositi di salute. &#8220;La stagione degli eccessi volge al termine: se a dicembre dolci e cioccolato si sono impadroniti della scena e l&#8217;unica forma di esercizio fisico \u00e8 consistita nel sollevare il bicchiere di champagne sprofondati sul divano, gennaio diventa il mese dell&#8217;espiazione. E allora &#8211; si legge nel servizio &#8211; perch\u00e9 non prendere in considerazione semplici consigli alimentari dalle comunit\u00e0 pi\u00f9 longeve del mondo?&#8221;. E qui entrano in scena, fra gli altri, i centenari tricolore.<\/p>\n<p>La popolazione sarda, con una percentuale insolitamente alta di over 100, attribuisce la propria longevit\u00e0 all&#8217;aria non inquinata che si respira sull&#8217;isola, allo stile di vita senza stress e a un&#8217;alimentazione sana, basata su un mix di ingredienti coltivati localmente, nutrienti in grado di potenziare la salute e porzioni controllate. La dieta sarda \u00e8 ricca di olio d&#8217;oliva, ortaggi e frutta secca. Il menu prevede pesce azzurro, ma \u00e8 povero di carne se si escludono quelle magre di provenienza regionale. E poi c&#8217;\u00e8 il vino ottenuto da uve ricche di polifenoli e antiossidanti che, &#8220;consumato con moderazione, si ritiene possa contribuire a rallentare il processo di invecchiamento&#8221;, spiegano gli esperti inglesi.<\/p>\n<figure id=\"attachment_300\" aria-describedby=\"caption-attachment-300\" style=\"width: 300px\" class=\"wp-caption alignleft\"><img loading=\"lazy\" decoding=\"async\" class=\"size-medium wp-image-300\" src=\"https:\/\/www.idealdieta.it\/wp\/wp-content\/uploads\/2022\/02\/dieta_mediterranea_web01-300x200.jpg\" alt=\"dieta mediterranea\" width=\"300\" height=\"200\" srcset=\"https:\/\/www.idealdieta.it\/wp\/wp-content\/uploads\/2022\/02\/dieta_mediterranea_web01-300x200.jpg 300w, https:\/\/www.idealdieta.it\/wp\/wp-content\/uploads\/2022\/02\/dieta_mediterranea_web01.jpg 345w\" sizes=\"auto, (max-width: 300px) 100vw, 300px\" \/><figcaption id=\"caption-attachment-300\" class=\"wp-caption-text\">La dieta mediterranea<\/figcaption><\/figure>\n<p>Eletti a &#8216;guru&#8217; della longevit\u00e0 anche i giapponesi di Okinawa che vantano una delle pi\u00f9 alte aspettative di vita al mondo e secondo alcune ricerche hanno un basso rischio di arteriosclerosi e tumori ormono-dipendenti. Il loro segreto? Cibi con poche calorie e alto valore nutritivo, in una dieta ricca di pesce e verdure e povera di carne e latticini. Il menu \u00e8 dominato da polipi e calamari elogiati per le propriet\u00e0 antipertensive e anticolesterolo, patate dolci e soprattutto da tofu e alghe konbu.<\/p>\n<p>Altro modello la tavola degli abitanti di Ikaria in Grecia, promossi nell&#8217;albo dei longevi per le statistiche secondo cui vivono 10 anni in pi\u00f9 rispetto agli europei e agli americani, con tassi significativamente pi\u00f9 bassi di cancro, malattie cardiache, demenza e depressione. Da un lato il terreno impervio e montagnoso dell&#8217;isola e le opzioni di trasporto limitate che costringono i locali a una vita attiva anche a 90 anni (pare anche sotto le lenzuola), dall&#8217;altro la dieta ricca di olio d&#8217;oliva, frutta e verdura e piatti molto poco elaborati. Con un ulteriore segreto dai contorni pi\u00f9 che altro leggendari: una tisana di erbe di montagna, dall&#8217;asplenio alla salvia viola, dalla menta al rosmarino, consumata pi\u00f9 volte al giorno. Da qui la lista per lo shopping alimentare di inizio anno: sardine, sgombri e polpi, alghe e tofu, patate dolci e verdure verde scuro e dai colori vivaci, olio d&#8217;oliva e vino rosso.<\/p>\n","protected":false},"excerpt":{"rendered":"<p>La fama dei centenari sardi supera i confini dell&#8217;isola e solca i mari per approdare in Gran Bretagna,<\/p>\n","protected":false},"author":1,"featured_media":299,"comment_status":"closed","ping_status":"open","sticky":false,"template":"","format":"standard","meta":{"footnotes":""},"categories":[6],"tags":[117],"class_list":["post-298","post","type-post","status-publish","format-standard","has-post-thumbnail","hentry","category-dieta-salute","tag-invecchiamento"],"yoast_head":"<!-- This site is optimized with the Yoast SEO plugin v18.5.1 - https:\/\/yoast.com\/wordpress\/plugins\/seo\/ -->\r\n<title>La dieta dei &#039;matusalemme&#039; sardi - idealdieta<\/title>\r\n<meta name=\"robots\" content=\"index, follow, max-snippet:-1, max-image-preview:large, max-video-preview:-1\" \/>\r\n<link rel=\"canonical\" href=\"https:\/\/www.idealdieta.it\/?p=298\" \/>\r\n<meta property=\"og:locale\" content=\"it_IT\" \/>\r\n<meta property=\"og:type\" content=\"article\" \/>\r\n<meta property=\"og:title\" content=\"La dieta dei &#039;matusalemme&#039; sardi - idealdieta\" \/>\r\n<meta property=\"og:description\" content=\"La fama dei centenari sardi supera i confini dell&#8217;isola e solca i mari per approdare in Gran Bretagna,\" \/>\r\n<meta property=\"og:url\" content=\"https:\/\/www.idealdieta.it\/?p=298\" \/>\r\n<meta property=\"og:site_name\" content=\"idealdieta\" \/>\r\n<meta property=\"article:published_time\" content=\"2014-01-20T07:54:22+00:00\" \/>\r\n<meta property=\"article:modified_time\" content=\"2022-02-20T07:57:17+00:00\" \/>\r\n<meta property=\"og:image\" content=\"https:\/\/www.idealdieta.it\/wp\/wp-content\/uploads\/2022\/02\/matusalemme_dietologo.jpg\" \/>\r\n\t<meta property=\"og:image:width\" content=\"275\" \/>\r\n\t<meta property=\"og:image:height\" content=\"184\" \/>\r\n\t<meta property=\"og:image:type\" content=\"image\/jpeg\" \/>\r\n<meta name=\"twitter:card\" content=\"summary_large_image\" \/>\r\n<meta name=\"twitter:label1\" content=\"Scritto da\" \/>\n\t<meta name=\"twitter:data1\" content=\"idealdieta\" \/>\n\t<meta name=\"twitter:label2\" content=\"Tempo di lettura stimato\" \/>\n\t<meta name=\"twitter:data2\" content=\"3 minuti\" \/>\r\n<script type=\"application\/ld+json\" class=\"yoast-schema-graph\">{\"@context\":\"https:\/\/schema.org\",\"@graph\":[{\"@type\":\"WebSite\",\"@id\":\"https:\/\/www.idealdieta.it\/#website\",\"url\":\"https:\/\/www.idealdieta.it\/\",\"name\":\"idealdieta\",\"description\":\"Diete, Psicologia e Societ\u00e0 dal 2006\",\"potentialAction\":[{\"@type\":\"SearchAction\",\"target\":{\"@type\":\"EntryPoint\",\"urlTemplate\":\"https:\/\/www.idealdieta.it\/?s={search_term_string}\"},\"query-input\":\"required name=search_term_string\"}],\"inLanguage\":\"it-IT\"},{\"@type\":\"ImageObject\",\"@id\":\"https:\/\/www.idealdieta.it\/?p=298#primaryimage\",\"inLanguage\":\"it-IT\",\"url\":\"https:\/\/www.idealdieta.it\/wp\/wp-content\/uploads\/2022\/02\/matusalemme_dietologo.jpg\",\"contentUrl\":\"https:\/\/www.idealdieta.it\/wp\/wp-content\/uploads\/2022\/02\/matusalemme_dietologo.jpg\",\"width\":275,\"height\":184},{\"@type\":\"WebPage\",\"@id\":\"https:\/\/www.idealdieta.it\/?p=298#webpage\",\"url\":\"https:\/\/www.idealdieta.it\/?p=298\",\"name\":\"La dieta dei 'matusalemme' sardi - idealdieta\",\"isPartOf\":{\"@id\":\"https:\/\/www.idealdieta.it\/#website\"},\"primaryImageOfPage\":{\"@id\":\"https:\/\/www.idealdieta.it\/?p=298#primaryimage\"},\"datePublished\":\"2014-01-20T07:54:22+00:00\",\"dateModified\":\"2022-02-20T07:57:17+00:00\",\"author\":{\"@id\":\"https:\/\/www.idealdieta.it\/#\/schema\/person\/5e7ffd9a0fbc7e89a6a8b713476f05f9\"},\"breadcrumb\":{\"@id\":\"https:\/\/www.idealdieta.it\/?p=298#breadcrumb\"},\"inLanguage\":\"it-IT\",\"potentialAction\":[{\"@type\":\"ReadAction\",\"target\":[\"https:\/\/www.idealdieta.it\/?p=298\"]}]},{\"@type\":\"BreadcrumbList\",\"@id\":\"https:\/\/www.idealdieta.it\/?p=298#breadcrumb\",\"itemListElement\":[{\"@type\":\"ListItem\",\"position\":1,\"name\":\"Home\",\"item\":\"https:\/\/www.idealdieta.it\/\"},{\"@type\":\"ListItem\",\"position\":2,\"name\":\"La dieta dei &#8216;matusalemme&#8217; sardi\"}]},{\"@type\":\"Person\",\"@id\":\"https:\/\/www.idealdieta.it\/#\/schema\/person\/5e7ffd9a0fbc7e89a6a8b713476f05f9\",\"name\":\"idealdieta\",\"image\":{\"@type\":\"ImageObject\",\"@id\":\"https:\/\/www.idealdieta.it\/#personlogo\",\"inLanguage\":\"it-IT\",\"url\":\"https:\/\/secure.gravatar.com\/avatar\/ba03c8f631293222f0289adc8c76b19b4ae6f013eec7163363d536345dbdc3ea?s=96&d=mm&r=g\",\"contentUrl\":\"https:\/\/secure.gravatar.com\/avatar\/ba03c8f631293222f0289adc8c76b19b4ae6f013eec7163363d536345dbdc3ea?s=96&d=mm&r=g\",\"caption\":\"idealdieta\"},\"sameAs\":[\"https:\/\/www.idealdieta.it\/wp\"],\"url\":\"https:\/\/www.idealdieta.it\/?author=1\"}]}<\/script>\r\n<!-- \/ Yoast SEO plugin. -->","yoast_head_json":{"title":"La dieta dei 'matusalemme' sardi - idealdieta","robots":{"index":"index","follow":"follow","max-snippet":"max-snippet:-1","max-image-preview":"max-image-preview:large","max-video-preview":"max-video-preview:-1"},"canonical":"https:\/\/www.idealdieta.it\/?p=298","og_locale":"it_IT","og_type":"article","og_title":"La dieta dei 'matusalemme' sardi - idealdieta","og_description":"La fama dei centenari sardi supera i confini dell&#8217;isola e solca i mari per approdare in Gran Bretagna,","og_url":"https:\/\/www.idealdieta.it\/?p=298","og_site_name":"idealdieta","article_published_time":"2014-01-20T07:54:22+00:00","article_modified_time":"2022-02-20T07:57:17+00:00","og_image":[{"width":275,"height":184,"url":"https:\/\/www.idealdieta.it\/wp\/wp-content\/uploads\/2022\/02\/matusalemme_dietologo.jpg","type":"image\/jpeg"}],"twitter_card":"summary_large_image","twitter_misc":{"Scritto da":"idealdieta","Tempo di lettura stimato":"3 minuti"},"schema":{"@context":"https:\/\/schema.org","@graph":[{"@type":"WebSite","@id":"https:\/\/www.idealdieta.it\/#website","url":"https:\/\/www.idealdieta.it\/","name":"idealdieta","description":"Diete, Psicologia e Societ\u00e0 dal 2006","potentialAction":[{"@type":"SearchAction","target":{"@type":"EntryPoint","urlTemplate":"https:\/\/www.idealdieta.it\/?s={search_term_string}"},"query-input":"required name=search_term_string"}],"inLanguage":"it-IT"},{"@type":"ImageObject","@id":"https:\/\/www.idealdieta.it\/?p=298#primaryimage","inLanguage":"it-IT","url":"https:\/\/www.idealdieta.it\/wp\/wp-content\/uploads\/2022\/02\/matusalemme_dietologo.jpg","contentUrl":"https:\/\/www.idealdieta.it\/wp\/wp-content\/uploads\/2022\/02\/matusalemme_dietologo.jpg","width":275,"height":184},{"@type":"WebPage","@id":"https:\/\/www.idealdieta.it\/?p=298#webpage","url":"https:\/\/www.idealdieta.it\/?p=298","name":"La dieta dei 'matusalemme' sardi - idealdieta","isPartOf":{"@id":"https:\/\/www.idealdieta.it\/#website"},"primaryImageOfPage":{"@id":"https:\/\/www.idealdieta.it\/?p=298#primaryimage"},"datePublished":"2014-01-20T07:54:22+00:00","dateModified":"2022-02-20T07:57:17+00:00","author":{"@id":"https:\/\/www.idealdieta.it\/#\/schema\/person\/5e7ffd9a0fbc7e89a6a8b713476f05f9"},"breadcrumb":{"@id":"https:\/\/www.idealdieta.it\/?p=298#breadcrumb"},"inLanguage":"it-IT","potentialAction":[{"@type":"ReadAction","target":["https:\/\/www.idealdieta.it\/?p=298"]}]},{"@type":"BreadcrumbList","@id":"https:\/\/www.idealdieta.it\/?p=298#breadcrumb","itemListElement":[{"@type":"ListItem","position":1,"name":"Home","item":"https:\/\/www.idealdieta.it\/"},{"@type":"ListItem","position":2,"name":"La dieta dei &#8216;matusalemme&#8217; sardi"}]},{"@type":"Person","@id":"https:\/\/www.idealdieta.it\/#\/schema\/person\/5e7ffd9a0fbc7e89a6a8b713476f05f9","name":"idealdieta","image":{"@type":"ImageObject","@id":"https:\/\/www.idealdieta.it\/#personlogo","inLanguage":"it-IT","url":"https:\/\/secure.gravatar.com\/avatar\/ba03c8f631293222f0289adc8c76b19b4ae6f013eec7163363d536345dbdc3ea?s=96&d=mm&r=g","contentUrl":"https:\/\/secure.gravatar.com\/avatar\/ba03c8f631293222f0289adc8c76b19b4ae6f013eec7163363d536345dbdc3ea?s=96&d=mm&r=g","caption":"idealdieta"},"sameAs":["https:\/\/www.idealdieta.it\/wp"],"url":"https:\/\/www.idealdieta.it\/?author=1"}]}},"_links":{"self":[{"href":"https:\/\/www.idealdieta.it\/index.php?rest_route=\/wp\/v2\/posts\/298","targetHints":{"allow":["GET"]}}],"collection":[{"href":"https:\/\/www.idealdieta.it\/index.php?rest_route=\/wp\/v2\/posts"}],"about":[{"href":"https:\/\/www.idealdieta.it\/index.php?rest_route=\/wp\/v2\/types\/post"}],"author":[{"embeddable":true,"href":"https:\/\/www.idealdieta.it\/index.php?rest_route=\/wp\/v2\/users\/1"}],"replies":[{"embeddable":true,"href":"https:\/\/www.idealdieta.it\/index.php?rest_route=%2Fwp%2Fv2%2Fcomments&post=298"}],"version-history":[{"count":1,"href":"https:\/\/www.idealdieta.it\/index.php?rest_route=\/wp\/v2\/posts\/298\/revisions"}],"predecessor-version":[{"id":301,"href":"https:\/\/www.idealdieta.it\/index.php?rest_route=\/wp\/v2\/posts\/298\/revisions\/301"}],"wp:featuredmedia":[{"embeddable":true,"href":"https:\/\/www.idealdieta.it\/index.php?rest_route=\/wp\/v2\/media\/299"}],"wp:attachment":[{"href":"https:\/\/www.idealdieta.it\/index.php?rest_route=%2Fwp%2Fv2%2Fmedia&parent=298"}],"wp:term":[{"taxonomy":"category","embeddable":true,"href":"https:\/\/www.idealdieta.it\/index.php?rest_route=%2Fwp%2Fv2%2Fcategories&post=298"},{"taxonomy":"post_tag","embeddable":true,"href":"https:\/\/www.idealdieta.it\/index.php?rest_route=%2Fwp%2Fv2%2Ftags&post=298"}],"curies":[{"name":"wp","href":"https:\/\/api.w.org\/{rel}","templated":true}]}}