{"id":360,"date":"2021-03-24T21:21:54","date_gmt":"2021-03-24T20:21:54","guid":{"rendered":"https:\/\/www.idealdieta.it\/?p=360"},"modified":"2022-02-25T04:55:40","modified_gmt":"2022-02-25T03:55:40","slug":"il-consumo-di-latte-nel-mondo-per-ogni-paese","status":"publish","type":"post","link":"https:\/\/www.idealdieta.it\/?p=360","title":{"rendered":"Il consumo di latte nel mondo per ogni paese"},"content":{"rendered":"<div class=\"fcbkbttn_buttons_block\" id=\"fcbkbttn_left\"><div class=\"fcbkbttn_like \"><div class=\"fb-like fb-like-box_count\" data-href=\"https:\/\/www.idealdieta.it\/?p=360\" data-colorscheme=\"light\" data-layout=\"box_count\" data-action=\"like\"  data-size=\"small\"><\/div><\/div><div class=\"fb-share-button  \" data-href=\"https:\/\/www.idealdieta.it\/?p=360\" data-type=\"button_count\" data-size=\"small\"><\/div><\/div><p>L&#8217;introduzione del latte nell&#8217;alimentazione adulta umana \u00e8 un fatto recente da un punto di vista cronologico. Si pensa che questa innovazione dietetica per cui la nostra specie ha iniziato a nutrirsi di latte di altri animali (e non del proprio) sia avvenuta intorno ai 7000 anni fa. Questo grazie ad un adattamento genetico che ha permesso di digerire il lattosio attraverso la permanenza in et\u00e0 adulta di un enzima denominato lattasi (ricordiamo che i mammiferi perdono la capacit\u00e0 di digerire il latta con il passaggio all&#8217;et\u00e0 adulta).<\/p>\n<p><!--more--><\/p>\n<p>Anche per l&#8217;uomo questa mutazione che comporta la capacit\u00e0 di digerire il latte da adulti non \u00e8 uniformemente distribuita ma varia considerevolmente per individuo ed etnia.<br \/>\nIn genere possiamo dire che le zone e popolazioni con maggior concentrazione dell&#8217;enzima sono quelle in cui \u00e8 avvenuto l&#8217;inizio di pastorizia quindi vicino oriente, Europa e nord Africa.<\/p>\n<p>Questa mappa \u00e8 stata elaborata nel 2007 in base ai dati forniti dalla Fao sul consumo di latte per paese nel mondo: in cima alla classifica troviamo Svezia, Finlandia, Olanda, Svizzera e Grecia (tra i 281,17 e i 361,19 kg a testa all&#8217;anno).<\/p>\n<p>L&#8217;Italia si colloca subito dopo con un consumo per singolo abitante stimato tra i 217 e i 281 kg, pari a quello di un americano medio. In chiaro troviamo i paesi con un consumo inferiore ai 37 kg annui a testa, come Cina (il paese con il pi\u00f9 alto tasso di intolleranza al lattosio, 90%) e Africa centro meridionale.<\/p>\n<p><img loading=\"lazy\" decoding=\"async\" class=\"wp-image-361 alignnone\" src=\"https:\/\/www.idealdieta.it\/wp\/wp-content\/uploads\/2022\/02\/CONSUMOLATTEMONDO-300x300.jpg\" alt=\"\" width=\"371\" height=\"371\" srcset=\"https:\/\/www.idealdieta.it\/wp\/wp-content\/uploads\/2022\/02\/CONSUMOLATTEMONDO-300x300.jpg 300w, https:\/\/www.idealdieta.it\/wp\/wp-content\/uploads\/2022\/02\/CONSUMOLATTEMONDO-150x150.jpg 150w, https:\/\/www.idealdieta.it\/wp\/wp-content\/uploads\/2022\/02\/CONSUMOLATTEMONDO.jpg 480w\" sizes=\"auto, (max-width: 371px) 100vw, 371px\" \/><\/p>\n<p>INGRANDISCI IMMAGINE CLICCA SOTTO<br \/>\n<a href=\"http:\/\/www.focus.it\/site_stored\/imgs\/0003\/044\/milk.jpg\" target=\"_blank\" rel=\"noopener\">http:\/\/www.focus.it\/site_stored\/imgs\/0003\/044\/milk.jpg<\/a><\/p>\n","protected":false},"excerpt":{"rendered":"<p>L&#8217;introduzione del latte nell&#8217;alimentazione adulta umana \u00e8 un fatto recente da un punto di vista cronologico. Si pensa<\/p>\n","protected":false},"author":1,"featured_media":396,"comment_status":"closed","ping_status":"open","sticky":false,"template":"","format":"standard","meta":{"footnotes":""},"categories":[14],"tags":[156,157],"class_list":["post-360","post","type-post","status-publish","format-standard","has-post-thumbnail","hentry","category-dieta-societa","tag-consumo-di-latte","tag-mondo"],"yoast_head":"<!-- This site is optimized with the Yoast SEO plugin v18.5.1 - https:\/\/yoast.com\/wordpress\/plugins\/seo\/ -->\r\n<title>Il consumo di latte nel mondo per ogni paese - idealdieta<\/title>\r\n<meta name=\"robots\" content=\"index, follow, max-snippet:-1, max-image-preview:large, max-video-preview:-1\" \/>\r\n<link rel=\"canonical\" href=\"https:\/\/www.idealdieta.it\/?p=360\" \/>\r\n<meta property=\"og:locale\" content=\"it_IT\" \/>\r\n<meta property=\"og:type\" content=\"article\" \/>\r\n<meta property=\"og:title\" content=\"Il consumo di latte nel mondo per ogni paese - idealdieta\" \/>\r\n<meta property=\"og:description\" content=\"L&#8217;introduzione del latte nell&#8217;alimentazione adulta umana \u00e8 un fatto recente da un punto di vista cronologico. Si pensa\" \/>\r\n<meta property=\"og:url\" content=\"https:\/\/www.idealdieta.it\/?p=360\" \/>\r\n<meta property=\"og:site_name\" content=\"idealdieta\" \/>\r\n<meta property=\"article:published_time\" content=\"2021-03-24T20:21:54+00:00\" \/>\r\n<meta property=\"article:modified_time\" content=\"2022-02-25T03:55:40+00:00\" \/>\r\n<meta property=\"og:image\" content=\"https:\/\/www.idealdieta.it\/wp\/wp-content\/uploads\/2021\/03\/latte_2022.jpg\" \/>\r\n\t<meta property=\"og:image:width\" content=\"259\" \/>\r\n\t<meta property=\"og:image:height\" content=\"194\" \/>\r\n\t<meta property=\"og:image:type\" content=\"image\/jpeg\" \/>\r\n<meta name=\"twitter:card\" content=\"summary_large_image\" \/>\r\n<meta name=\"twitter:label1\" content=\"Scritto da\" \/>\n\t<meta name=\"twitter:data1\" content=\"idealdieta\" \/>\n\t<meta name=\"twitter:label2\" content=\"Tempo di lettura stimato\" \/>\n\t<meta name=\"twitter:data2\" content=\"1 minuto\" \/>\r\n<script type=\"application\/ld+json\" class=\"yoast-schema-graph\">{\"@context\":\"https:\/\/schema.org\",\"@graph\":[{\"@type\":\"WebSite\",\"@id\":\"https:\/\/www.idealdieta.it\/#website\",\"url\":\"https:\/\/www.idealdieta.it\/\",\"name\":\"idealdieta\",\"description\":\"Diete, Psicologia e Societ\u00e0 dal 2006\",\"potentialAction\":[{\"@type\":\"SearchAction\",\"target\":{\"@type\":\"EntryPoint\",\"urlTemplate\":\"https:\/\/www.idealdieta.it\/?s={search_term_string}\"},\"query-input\":\"required name=search_term_string\"}],\"inLanguage\":\"it-IT\"},{\"@type\":\"ImageObject\",\"@id\":\"https:\/\/www.idealdieta.it\/?p=360#primaryimage\",\"inLanguage\":\"it-IT\",\"url\":\"https:\/\/www.idealdieta.it\/wp\/wp-content\/uploads\/2021\/03\/latte_2022.jpg\",\"contentUrl\":\"https:\/\/www.idealdieta.it\/wp\/wp-content\/uploads\/2021\/03\/latte_2022.jpg\",\"width\":259,\"height\":194},{\"@type\":\"WebPage\",\"@id\":\"https:\/\/www.idealdieta.it\/?p=360#webpage\",\"url\":\"https:\/\/www.idealdieta.it\/?p=360\",\"name\":\"Il consumo di latte nel mondo per ogni paese - idealdieta\",\"isPartOf\":{\"@id\":\"https:\/\/www.idealdieta.it\/#website\"},\"primaryImageOfPage\":{\"@id\":\"https:\/\/www.idealdieta.it\/?p=360#primaryimage\"},\"datePublished\":\"2021-03-24T20:21:54+00:00\",\"dateModified\":\"2022-02-25T03:55:40+00:00\",\"author\":{\"@id\":\"https:\/\/www.idealdieta.it\/#\/schema\/person\/5e7ffd9a0fbc7e89a6a8b713476f05f9\"},\"breadcrumb\":{\"@id\":\"https:\/\/www.idealdieta.it\/?p=360#breadcrumb\"},\"inLanguage\":\"it-IT\",\"potentialAction\":[{\"@type\":\"ReadAction\",\"target\":[\"https:\/\/www.idealdieta.it\/?p=360\"]}]},{\"@type\":\"BreadcrumbList\",\"@id\":\"https:\/\/www.idealdieta.it\/?p=360#breadcrumb\",\"itemListElement\":[{\"@type\":\"ListItem\",\"position\":1,\"name\":\"Home\",\"item\":\"https:\/\/www.idealdieta.it\/\"},{\"@type\":\"ListItem\",\"position\":2,\"name\":\"Il consumo di latte nel mondo per ogni paese\"}]},{\"@type\":\"Person\",\"@id\":\"https:\/\/www.idealdieta.it\/#\/schema\/person\/5e7ffd9a0fbc7e89a6a8b713476f05f9\",\"name\":\"idealdieta\",\"image\":{\"@type\":\"ImageObject\",\"@id\":\"https:\/\/www.idealdieta.it\/#personlogo\",\"inLanguage\":\"it-IT\",\"url\":\"https:\/\/secure.gravatar.com\/avatar\/ba03c8f631293222f0289adc8c76b19b4ae6f013eec7163363d536345dbdc3ea?s=96&d=mm&r=g\",\"contentUrl\":\"https:\/\/secure.gravatar.com\/avatar\/ba03c8f631293222f0289adc8c76b19b4ae6f013eec7163363d536345dbdc3ea?s=96&d=mm&r=g\",\"caption\":\"idealdieta\"},\"sameAs\":[\"https:\/\/www.idealdieta.it\/wp\"],\"url\":\"https:\/\/www.idealdieta.it\/?author=1\"}]}<\/script>\r\n<!-- \/ Yoast SEO plugin. -->","yoast_head_json":{"title":"Il consumo di latte nel mondo per ogni paese - idealdieta","robots":{"index":"index","follow":"follow","max-snippet":"max-snippet:-1","max-image-preview":"max-image-preview:large","max-video-preview":"max-video-preview:-1"},"canonical":"https:\/\/www.idealdieta.it\/?p=360","og_locale":"it_IT","og_type":"article","og_title":"Il consumo di latte nel mondo per ogni paese - idealdieta","og_description":"L&#8217;introduzione del latte nell&#8217;alimentazione adulta umana \u00e8 un fatto recente da un punto di vista cronologico. Si pensa","og_url":"https:\/\/www.idealdieta.it\/?p=360","og_site_name":"idealdieta","article_published_time":"2021-03-24T20:21:54+00:00","article_modified_time":"2022-02-25T03:55:40+00:00","og_image":[{"width":259,"height":194,"url":"https:\/\/www.idealdieta.it\/wp\/wp-content\/uploads\/2021\/03\/latte_2022.jpg","type":"image\/jpeg"}],"twitter_card":"summary_large_image","twitter_misc":{"Scritto da":"idealdieta","Tempo di lettura stimato":"1 minuto"},"schema":{"@context":"https:\/\/schema.org","@graph":[{"@type":"WebSite","@id":"https:\/\/www.idealdieta.it\/#website","url":"https:\/\/www.idealdieta.it\/","name":"idealdieta","description":"Diete, Psicologia e Societ\u00e0 dal 2006","potentialAction":[{"@type":"SearchAction","target":{"@type":"EntryPoint","urlTemplate":"https:\/\/www.idealdieta.it\/?s={search_term_string}"},"query-input":"required name=search_term_string"}],"inLanguage":"it-IT"},{"@type":"ImageObject","@id":"https:\/\/www.idealdieta.it\/?p=360#primaryimage","inLanguage":"it-IT","url":"https:\/\/www.idealdieta.it\/wp\/wp-content\/uploads\/2021\/03\/latte_2022.jpg","contentUrl":"https:\/\/www.idealdieta.it\/wp\/wp-content\/uploads\/2021\/03\/latte_2022.jpg","width":259,"height":194},{"@type":"WebPage","@id":"https:\/\/www.idealdieta.it\/?p=360#webpage","url":"https:\/\/www.idealdieta.it\/?p=360","name":"Il consumo di latte nel mondo per ogni paese - idealdieta","isPartOf":{"@id":"https:\/\/www.idealdieta.it\/#website"},"primaryImageOfPage":{"@id":"https:\/\/www.idealdieta.it\/?p=360#primaryimage"},"datePublished":"2021-03-24T20:21:54+00:00","dateModified":"2022-02-25T03:55:40+00:00","author":{"@id":"https:\/\/www.idealdieta.it\/#\/schema\/person\/5e7ffd9a0fbc7e89a6a8b713476f05f9"},"breadcrumb":{"@id":"https:\/\/www.idealdieta.it\/?p=360#breadcrumb"},"inLanguage":"it-IT","potentialAction":[{"@type":"ReadAction","target":["https:\/\/www.idealdieta.it\/?p=360"]}]},{"@type":"BreadcrumbList","@id":"https:\/\/www.idealdieta.it\/?p=360#breadcrumb","itemListElement":[{"@type":"ListItem","position":1,"name":"Home","item":"https:\/\/www.idealdieta.it\/"},{"@type":"ListItem","position":2,"name":"Il consumo di latte nel mondo per ogni paese"}]},{"@type":"Person","@id":"https:\/\/www.idealdieta.it\/#\/schema\/person\/5e7ffd9a0fbc7e89a6a8b713476f05f9","name":"idealdieta","image":{"@type":"ImageObject","@id":"https:\/\/www.idealdieta.it\/#personlogo","inLanguage":"it-IT","url":"https:\/\/secure.gravatar.com\/avatar\/ba03c8f631293222f0289adc8c76b19b4ae6f013eec7163363d536345dbdc3ea?s=96&d=mm&r=g","contentUrl":"https:\/\/secure.gravatar.com\/avatar\/ba03c8f631293222f0289adc8c76b19b4ae6f013eec7163363d536345dbdc3ea?s=96&d=mm&r=g","caption":"idealdieta"},"sameAs":["https:\/\/www.idealdieta.it\/wp"],"url":"https:\/\/www.idealdieta.it\/?author=1"}]}},"_links":{"self":[{"href":"https:\/\/www.idealdieta.it\/index.php?rest_route=\/wp\/v2\/posts\/360","targetHints":{"allow":["GET"]}}],"collection":[{"href":"https:\/\/www.idealdieta.it\/index.php?rest_route=\/wp\/v2\/posts"}],"about":[{"href":"https:\/\/www.idealdieta.it\/index.php?rest_route=\/wp\/v2\/types\/post"}],"author":[{"embeddable":true,"href":"https:\/\/www.idealdieta.it\/index.php?rest_route=\/wp\/v2\/users\/1"}],"replies":[{"embeddable":true,"href":"https:\/\/www.idealdieta.it\/index.php?rest_route=%2Fwp%2Fv2%2Fcomments&post=360"}],"version-history":[{"count":1,"href":"https:\/\/www.idealdieta.it\/index.php?rest_route=\/wp\/v2\/posts\/360\/revisions"}],"predecessor-version":[{"id":362,"href":"https:\/\/www.idealdieta.it\/index.php?rest_route=\/wp\/v2\/posts\/360\/revisions\/362"}],"wp:featuredmedia":[{"embeddable":true,"href":"https:\/\/www.idealdieta.it\/index.php?rest_route=\/wp\/v2\/media\/396"}],"wp:attachment":[{"href":"https:\/\/www.idealdieta.it\/index.php?rest_route=%2Fwp%2Fv2%2Fmedia&parent=360"}],"wp:term":[{"taxonomy":"category","embeddable":true,"href":"https:\/\/www.idealdieta.it\/index.php?rest_route=%2Fwp%2Fv2%2Fcategories&post=360"},{"taxonomy":"post_tag","embeddable":true,"href":"https:\/\/www.idealdieta.it\/index.php?rest_route=%2Fwp%2Fv2%2Ftags&post=360"}],"curies":[{"name":"wp","href":"https:\/\/api.w.org\/{rel}","templated":true}]}}