{"id":39,"date":"2011-11-14T10:13:26","date_gmt":"2011-11-14T09:13:26","guid":{"rendered":"https:\/\/www.idealdieta.it\/wp\/?p=39"},"modified":"2022-02-17T17:16:59","modified_gmt":"2022-02-17T16:16:59","slug":"giornata-mondiale-del-diabete","status":"publish","type":"post","link":"https:\/\/www.idealdieta.it\/?p=39","title":{"rendered":"Giornata mondiale del diabete, 14-11-2011"},"content":{"rendered":"<div class=\"fcbkbttn_buttons_block\" id=\"fcbkbttn_left\"><div class=\"fcbkbttn_like \"><div class=\"fb-like fb-like-box_count\" data-href=\"https:\/\/www.idealdieta.it\/?p=39\" data-colorscheme=\"light\" data-layout=\"box_count\" data-action=\"like\"  data-size=\"small\"><\/div><\/div><div class=\"fb-share-button  \" data-href=\"https:\/\/www.idealdieta.it\/?p=39\" data-type=\"button_count\" data-size=\"small\"><\/div><\/div><p><img loading=\"lazy\" decoding=\"async\" class=\"size-full wp-image-40 alignleft\" src=\"https:\/\/www.idealdieta.it\/wp\/wp-content\/uploads\/2022\/02\/siringa_medicina.jpg\" alt=\"\" width=\"300\" height=\"170\" \/>Il 14 Novembre si celebra la Giornata Mondiale del diabete in pi\u00f9 di 160 Paesi. Il Italia, l&#8217;appuntamento &#8211; giunto all&#8217;undicesima edizione &#8211; \u00e8 fissato per il 12 e il 13 novembre in circa 500 piazze. Battere il diabete sul tempo \u00e8 possibile: diagnosi precoce, prevenzione, stile di vita corretto, consapevolezza ed educazione possono contribuire ad arginarlo. Tre milioni di italiani adulti hanno il diabete e il costo per ogni cittadino che ne soffre \u00e8 in media 2.600 euro all&#8217;anno, pi\u00f9 del doppio rispetto ai cittadini di pari et\u00e0 e sesso, ma senza diabete.<\/p>\n<p><!--more--><\/p>\n<p>continua su:<\/p>\n<p><a href=\"http:\/\/www.repubblica.it\/solidarieta\/volontariato\/2011\/11\/09\/news\/settimana_diabete-24751513\/\" target=\"_blank\" rel=\"noopener\">http:\/\/www.repubblica.it\/solidarieta\/volontariato\/2011\/11\/09\/news\/settimana_diabete-24751513\/<\/a><\/p>\n","protected":false},"excerpt":{"rendered":"<p>Il 14 Novembre si celebra la Giornata Mondiale del diabete in pi\u00f9 di 160 Paesi. Il Italia, l&#8217;appuntamento<\/p>\n","protected":false},"author":1,"featured_media":40,"comment_status":"open","ping_status":"open","sticky":false,"template":"","format":"standard","meta":{"footnotes":""},"categories":[6],"tags":[28,36],"class_list":["post-39","post","type-post","status-publish","format-standard","has-post-thumbnail","hentry","category-dieta-salute","tag-diabete","tag-eventi"],"yoast_head":"<!-- This site is optimized with the Yoast SEO plugin v18.5.1 - https:\/\/yoast.com\/wordpress\/plugins\/seo\/ -->\r\n<title>Giornata mondiale del diabete, 14-11-2011 - idealdieta<\/title>\r\n<meta name=\"robots\" content=\"index, follow, max-snippet:-1, max-image-preview:large, max-video-preview:-1\" \/>\r\n<link rel=\"canonical\" href=\"https:\/\/www.idealdieta.it\/?p=39\" \/>\r\n<meta property=\"og:locale\" content=\"it_IT\" \/>\r\n<meta property=\"og:type\" content=\"article\" \/>\r\n<meta property=\"og:title\" content=\"Giornata mondiale del diabete, 14-11-2011 - idealdieta\" \/>\r\n<meta property=\"og:description\" content=\"Il 14 Novembre si celebra la Giornata Mondiale del diabete in pi\u00f9 di 160 Paesi. Il Italia, l&#8217;appuntamento\" \/>\r\n<meta property=\"og:url\" content=\"https:\/\/www.idealdieta.it\/?p=39\" \/>\r\n<meta property=\"og:site_name\" content=\"idealdieta\" \/>\r\n<meta property=\"article:published_time\" content=\"2011-11-14T09:13:26+00:00\" \/>\r\n<meta property=\"article:modified_time\" content=\"2022-02-17T16:16:59+00:00\" \/>\r\n<meta property=\"og:image\" content=\"https:\/\/www.idealdieta.it\/wp\/wp-content\/uploads\/2022\/02\/siringa_medicina.jpg\" \/>\r\n\t<meta property=\"og:image:width\" content=\"300\" \/>\r\n\t<meta property=\"og:image:height\" content=\"170\" \/>\r\n\t<meta property=\"og:image:type\" content=\"image\/jpeg\" \/>\r\n<meta name=\"twitter:card\" content=\"summary_large_image\" \/>\r\n<meta name=\"twitter:label1\" content=\"Scritto da\" \/>\n\t<meta name=\"twitter:data1\" content=\"idealdieta\" \/>\r\n<script type=\"application\/ld+json\" class=\"yoast-schema-graph\">{\"@context\":\"https:\/\/schema.org\",\"@graph\":[{\"@type\":\"WebSite\",\"@id\":\"https:\/\/www.idealdieta.it\/#website\",\"url\":\"https:\/\/www.idealdieta.it\/\",\"name\":\"idealdieta\",\"description\":\"Diete, Psicologia e Societ\u00e0 dal 2006\",\"potentialAction\":[{\"@type\":\"SearchAction\",\"target\":{\"@type\":\"EntryPoint\",\"urlTemplate\":\"https:\/\/www.idealdieta.it\/?s={search_term_string}\"},\"query-input\":\"required name=search_term_string\"}],\"inLanguage\":\"it-IT\"},{\"@type\":\"ImageObject\",\"@id\":\"https:\/\/www.idealdieta.it\/?p=39#primaryimage\",\"inLanguage\":\"it-IT\",\"url\":\"https:\/\/www.idealdieta.it\/wp\/wp-content\/uploads\/2022\/02\/siringa_medicina.jpg\",\"contentUrl\":\"https:\/\/www.idealdieta.it\/wp\/wp-content\/uploads\/2022\/02\/siringa_medicina.jpg\",\"width\":300,\"height\":170},{\"@type\":\"WebPage\",\"@id\":\"https:\/\/www.idealdieta.it\/?p=39#webpage\",\"url\":\"https:\/\/www.idealdieta.it\/?p=39\",\"name\":\"Giornata mondiale del diabete, 14-11-2011 - idealdieta\",\"isPartOf\":{\"@id\":\"https:\/\/www.idealdieta.it\/#website\"},\"primaryImageOfPage\":{\"@id\":\"https:\/\/www.idealdieta.it\/?p=39#primaryimage\"},\"datePublished\":\"2011-11-14T09:13:26+00:00\",\"dateModified\":\"2022-02-17T16:16:59+00:00\",\"author\":{\"@id\":\"https:\/\/www.idealdieta.it\/#\/schema\/person\/5e7ffd9a0fbc7e89a6a8b713476f05f9\"},\"breadcrumb\":{\"@id\":\"https:\/\/www.idealdieta.it\/?p=39#breadcrumb\"},\"inLanguage\":\"it-IT\",\"potentialAction\":[{\"@type\":\"ReadAction\",\"target\":[\"https:\/\/www.idealdieta.it\/?p=39\"]}]},{\"@type\":\"BreadcrumbList\",\"@id\":\"https:\/\/www.idealdieta.it\/?p=39#breadcrumb\",\"itemListElement\":[{\"@type\":\"ListItem\",\"position\":1,\"name\":\"Home\",\"item\":\"https:\/\/www.idealdieta.it\/\"},{\"@type\":\"ListItem\",\"position\":2,\"name\":\"Giornata mondiale del diabete, 14-11-2011\"}]},{\"@type\":\"Person\",\"@id\":\"https:\/\/www.idealdieta.it\/#\/schema\/person\/5e7ffd9a0fbc7e89a6a8b713476f05f9\",\"name\":\"idealdieta\",\"image\":{\"@type\":\"ImageObject\",\"@id\":\"https:\/\/www.idealdieta.it\/#personlogo\",\"inLanguage\":\"it-IT\",\"url\":\"https:\/\/secure.gravatar.com\/avatar\/ba03c8f631293222f0289adc8c76b19b4ae6f013eec7163363d536345dbdc3ea?s=96&d=mm&r=g\",\"contentUrl\":\"https:\/\/secure.gravatar.com\/avatar\/ba03c8f631293222f0289adc8c76b19b4ae6f013eec7163363d536345dbdc3ea?s=96&d=mm&r=g\",\"caption\":\"idealdieta\"},\"sameAs\":[\"https:\/\/www.idealdieta.it\/wp\"],\"url\":\"https:\/\/www.idealdieta.it\/?author=1\"}]}<\/script>\r\n<!-- \/ Yoast SEO plugin. -->","yoast_head_json":{"title":"Giornata mondiale del diabete, 14-11-2011 - idealdieta","robots":{"index":"index","follow":"follow","max-snippet":"max-snippet:-1","max-image-preview":"max-image-preview:large","max-video-preview":"max-video-preview:-1"},"canonical":"https:\/\/www.idealdieta.it\/?p=39","og_locale":"it_IT","og_type":"article","og_title":"Giornata mondiale del diabete, 14-11-2011 - idealdieta","og_description":"Il 14 Novembre si celebra la Giornata Mondiale del diabete in pi\u00f9 di 160 Paesi. Il Italia, l&#8217;appuntamento","og_url":"https:\/\/www.idealdieta.it\/?p=39","og_site_name":"idealdieta","article_published_time":"2011-11-14T09:13:26+00:00","article_modified_time":"2022-02-17T16:16:59+00:00","og_image":[{"width":300,"height":170,"url":"https:\/\/www.idealdieta.it\/wp\/wp-content\/uploads\/2022\/02\/siringa_medicina.jpg","type":"image\/jpeg"}],"twitter_card":"summary_large_image","twitter_misc":{"Scritto da":"idealdieta"},"schema":{"@context":"https:\/\/schema.org","@graph":[{"@type":"WebSite","@id":"https:\/\/www.idealdieta.it\/#website","url":"https:\/\/www.idealdieta.it\/","name":"idealdieta","description":"Diete, Psicologia e Societ\u00e0 dal 2006","potentialAction":[{"@type":"SearchAction","target":{"@type":"EntryPoint","urlTemplate":"https:\/\/www.idealdieta.it\/?s={search_term_string}"},"query-input":"required name=search_term_string"}],"inLanguage":"it-IT"},{"@type":"ImageObject","@id":"https:\/\/www.idealdieta.it\/?p=39#primaryimage","inLanguage":"it-IT","url":"https:\/\/www.idealdieta.it\/wp\/wp-content\/uploads\/2022\/02\/siringa_medicina.jpg","contentUrl":"https:\/\/www.idealdieta.it\/wp\/wp-content\/uploads\/2022\/02\/siringa_medicina.jpg","width":300,"height":170},{"@type":"WebPage","@id":"https:\/\/www.idealdieta.it\/?p=39#webpage","url":"https:\/\/www.idealdieta.it\/?p=39","name":"Giornata mondiale del diabete, 14-11-2011 - idealdieta","isPartOf":{"@id":"https:\/\/www.idealdieta.it\/#website"},"primaryImageOfPage":{"@id":"https:\/\/www.idealdieta.it\/?p=39#primaryimage"},"datePublished":"2011-11-14T09:13:26+00:00","dateModified":"2022-02-17T16:16:59+00:00","author":{"@id":"https:\/\/www.idealdieta.it\/#\/schema\/person\/5e7ffd9a0fbc7e89a6a8b713476f05f9"},"breadcrumb":{"@id":"https:\/\/www.idealdieta.it\/?p=39#breadcrumb"},"inLanguage":"it-IT","potentialAction":[{"@type":"ReadAction","target":["https:\/\/www.idealdieta.it\/?p=39"]}]},{"@type":"BreadcrumbList","@id":"https:\/\/www.idealdieta.it\/?p=39#breadcrumb","itemListElement":[{"@type":"ListItem","position":1,"name":"Home","item":"https:\/\/www.idealdieta.it\/"},{"@type":"ListItem","position":2,"name":"Giornata mondiale del diabete, 14-11-2011"}]},{"@type":"Person","@id":"https:\/\/www.idealdieta.it\/#\/schema\/person\/5e7ffd9a0fbc7e89a6a8b713476f05f9","name":"idealdieta","image":{"@type":"ImageObject","@id":"https:\/\/www.idealdieta.it\/#personlogo","inLanguage":"it-IT","url":"https:\/\/secure.gravatar.com\/avatar\/ba03c8f631293222f0289adc8c76b19b4ae6f013eec7163363d536345dbdc3ea?s=96&d=mm&r=g","contentUrl":"https:\/\/secure.gravatar.com\/avatar\/ba03c8f631293222f0289adc8c76b19b4ae6f013eec7163363d536345dbdc3ea?s=96&d=mm&r=g","caption":"idealdieta"},"sameAs":["https:\/\/www.idealdieta.it\/wp"],"url":"https:\/\/www.idealdieta.it\/?author=1"}]}},"_links":{"self":[{"href":"https:\/\/www.idealdieta.it\/index.php?rest_route=\/wp\/v2\/posts\/39","targetHints":{"allow":["GET"]}}],"collection":[{"href":"https:\/\/www.idealdieta.it\/index.php?rest_route=\/wp\/v2\/posts"}],"about":[{"href":"https:\/\/www.idealdieta.it\/index.php?rest_route=\/wp\/v2\/types\/post"}],"author":[{"embeddable":true,"href":"https:\/\/www.idealdieta.it\/index.php?rest_route=\/wp\/v2\/users\/1"}],"replies":[{"embeddable":true,"href":"https:\/\/www.idealdieta.it\/index.php?rest_route=%2Fwp%2Fv2%2Fcomments&post=39"}],"version-history":[{"count":1,"href":"https:\/\/www.idealdieta.it\/index.php?rest_route=\/wp\/v2\/posts\/39\/revisions"}],"predecessor-version":[{"id":41,"href":"https:\/\/www.idealdieta.it\/index.php?rest_route=\/wp\/v2\/posts\/39\/revisions\/41"}],"wp:featuredmedia":[{"embeddable":true,"href":"https:\/\/www.idealdieta.it\/index.php?rest_route=\/wp\/v2\/media\/40"}],"wp:attachment":[{"href":"https:\/\/www.idealdieta.it\/index.php?rest_route=%2Fwp%2Fv2%2Fmedia&parent=39"}],"wp:term":[{"taxonomy":"category","embeddable":true,"href":"https:\/\/www.idealdieta.it\/index.php?rest_route=%2Fwp%2Fv2%2Fcategories&post=39"},{"taxonomy":"post_tag","embeddable":true,"href":"https:\/\/www.idealdieta.it\/index.php?rest_route=%2Fwp%2Fv2%2Ftags&post=39"}],"curies":[{"name":"wp","href":"https:\/\/api.w.org\/{rel}","templated":true}]}}