{"id":527,"date":"2024-01-21T14:24:53","date_gmt":"2024-01-21T13:24:53","guid":{"rendered":"https:\/\/www.idealdieta.it\/?p=527"},"modified":"2024-02-04T11:28:38","modified_gmt":"2024-02-04T10:28:38","slug":"primavera-la-stagione-ideale-per-la-dieta","status":"publish","type":"post","link":"https:\/\/www.idealdieta.it\/?p=527","title":{"rendered":"Primavera, la stagione ideale per la dieta"},"content":{"rendered":"<div class=\"fcbkbttn_buttons_block\" id=\"fcbkbttn_left\"><div class=\"fcbkbttn_like \"><div class=\"fb-like fb-like-box_count\" data-href=\"https:\/\/www.idealdieta.it\/?p=527\" data-colorscheme=\"light\" data-layout=\"box_count\" data-action=\"like\"  data-size=\"small\"><\/div><\/div><div class=\"fb-share-button  \" data-href=\"https:\/\/www.idealdieta.it\/?p=527\" data-type=\"button_count\" data-size=\"small\"><\/div><\/div><p>La dieta si intensifica durante la primavera? La ricerca precedente suggerisce che il disagio corporeo sia stagionale e raggiunga il picco durante l&#8217;estate. Estendendo questi risultati alla dieta stagionale, sosteniamo che le preoccupazioni individuali riguardo al crescente disagio corporeo estivo motivino la dieta primaverile.<\/p>\n<p><!--more--><\/p>\n<p>Per individuare la dieta stagionale, abbiamo esaminato le frequenze stagionali di 69 hashtag relativi alla dieta all&#8217;interno di un database di 564 milioni di tweet provenienti dagli Stati Uniti e che coprono otto anni calendario (2012\u201319). In totale, abbiamo individuato 628,355 hashtag relativi alla dieta. Di questi, il 30% \u00e8 avvenuto durante la primavera, il 20% durante l&#8217;autunno, e il 25% sia durante l&#8217;estate che durante l&#8217;inverno. Durante la primavera, vi sono stati circa 64,000 hashtag aggiuntivi rispetto all&#8217;autunno e circa 32,000 hashtag aggiuntivi rispetto sia all&#8217;estate che all&#8217;inverno. Dei nove hashtag di dieta pi\u00f9 comuni, che insieme rappresentavano il 96% del totale, tutti e nove hanno raggiunto il picco durante la primavera (ps &lt; 0.0001). Questo modello centrato sulla primavera era evidente sia per le diete orientate all&#8217;aspetto (ad es., &#8220;atkins&#8221; e &#8220;weightwatchers&#8221;) che per le diete apparentemente non orientate all&#8217;aspetto (ad es., &#8220;vegan&#8221; e &#8220;glutenfree&#8221;), suggerendo che le diete non orientate all&#8217;aspetto potrebbero comunque essere adottate per scopi orientati all&#8217;aspetto. In conclusione, abbiamo trovato prove credibili che la dieta si intensifichi durante la primavera. La ricerca futura dovrebbe esaminare se i disturbi alimentari e la dismorfofobia muscolare si intensificano anche durante la primavera perch\u00e9 la dieta \u00e8 intrinseca a entrambe queste condizioni.<\/p>\n<p>Una semplice ricerca su Google rivela che l&#8217;avvicinarsi dell&#8217;estate \u00e8 un segnale per le persone di iniziare una dieta. Ad esempio, considera l&#8217;articolo di Health.com &#8220;6 motivi per cui la primavera \u00e8 il momento migliore dell&#8217;anno per perdere peso&#8221;, che afferma che &#8220;&#8230;con la primavera iniziata e l&#8217;estate all&#8217;orizzonte, sei nel bel mezzo del miglior momento dell&#8217;anno per perdere chili&#8221; (Health, 2018). Un altro esempio \u00e8 il programma &#8220;Emergency Crash Diet &amp; Workout: Pronto per l&#8217;estate in 21 giorni&#8221; che informa il lettore che &#8220;La promessa di poter andare senza maglietta \u00e8 un potente motivatore. Tuttavia, all&#8217;improvviso, manca circa una settimana all&#8217;estate. E di nuovo, hai aspettato troppo a lungo per preparare il tuo corpo&#8221; (TigerFitness, 2018). Infine, considera Weight Watchers, che informa il lettore che &#8220;Che tu abbia una vacanza in arrivo o semplicemente desideri sentirti pi\u00f9 a tuo agio nei tuoi abiti estivi, ecco alcune idee per iniziare&#8221; e chiede retoricamente se il lettore vorrebbe &#8220;entrare nel tuo bikini preferito in vacanza, tonificare le gambe dopo mesi con i pantaloni spessi, o tonificare le braccia per sentirti sicura nei tuoi abiti estivi?&#8221; (Weight Watchers, 2021b, Weight Watchers, 2021a). Anche se questi esempi sono incentrati sulla perdita di peso, crediamo che la dieta stagionale esista anche nel contesto della costruzione muscolare. Nei circoli di costruzione muscolare, il modello alimentare del &#8220;bulking&#8221; (mangiare pi\u00f9 calorie del necessario per mantenere il peso corporeo) durante l&#8217;autunno e l&#8217;inverno e poi del &#8220;cutting&#8221; (mangiare meno calorie del necessario) durante la primavera in preparazione all&#8217;estate \u00e8 ubiquo. Considera, ad esempio, una guida alla costruzione muscolare maschile che afferma che &#8220;La progressione naturale delle stagioni ha dato vita a un concetto popolare nella comunit\u00e0 fitness: il cutting estivo&#8221;, seguito da &#8220;utili consigli per aiutarti a perdere peso per l&#8217;estate senza perdere la testa&#8221; (AskMen.com, 2016). In sintesi, siamo sicuri che la dieta stagionale sia un autentico fenomeno culturale degno di attenzione empirica.<\/p>\n<p>La dieta stagionale \u00e8 vista come una conseguenza della insoddisfazione corporea stagionale, che si riferisce alle fluttuazioni nell&#8217;insoddisfazione corporea attraverso le stagioni. La guida climatica dietro questa insoddisfazione \u00e8 il clima caldo dell&#8217;estate, che spinge le persone a indossare meno strati di abbigliamento e capi che espongono e accentuano maggiormente il corpo. La ricerca di Griffiths e colleghi ha rilevato che l&#8217;insoddisfazione corporea \u00e8 pi\u00f9 forte in estate e pi\u00f9 debole in inverno, con pressioni dai media, dai coetanei sui social media, la sensazione di esporre il proprio corpo e il confronto con l&#8217;apparenza altrui come meccanismi chiave.<\/p>\n<p>La dieta stagionale viene quindi interpretata come una risposta centrata sulla primavera a esperienze passate e future previste di insoddisfazione corporea intensificata durante l&#8217;estate. Si ritiene che le persone ricordino tali esperienze e proiettino le loro aspettative e le loro apprensioni nel futuro, manifestandosi in varie forme, inclusa una maggiore frequenza di post sui social media relativi alla dieta durante la primavera.<\/p>\n<p>Questa ipotesi si basa su un modello teorico di dissociazione stagionale tra dieta e insoddisfazione corporea, con la dieta che raggiunge il picco durante la primavera e l&#8217;insoddisfazione corporea durante l&#8217;estate.<\/p>\n<p>Fenomeni sociali e culturali influenzano notevolmente i disturbi alimentari, che coinvolgono tipicamente cognizioni e comportamenti relativi all&#8217;alimentazione e all&#8217;aspetto. La dieta stagionale potrebbe rappresentare un&#8217;intensificazione della dieta a livello di massa della popolazione generale, con implicazioni per i disturbi alimentari.<\/p>\n<p>Lo studio mirava a rilevare e caratterizzare la dieta stagionale utilizzando Twitter, un&#8217;opportunit\u00e0 utile per la sua ampiezza e immediatezza. Gli autori hanno analizzato centinaia di milioni di tweet per trovare un pattern primaverile nelle frequenze dei post riguardanti la dieta, confermando cos\u00ec l&#8217;ipotesi di una dieta intensificata durante la primavera.<\/p>\n<p>Hanno anche esplorato se ci fossero differenze stagionali nelle frequenze delle diete orientate all&#8217;apparenza rispetto a quelle non orientate all&#8217;apparenza, suggerendo che molte diete, anche se apparentemente non mirate all&#8217;aspetto, potrebbero essere guidate da preoccupazioni riguardanti l&#8217;apparenza. Infine, hanno esaminato se i parametri climatici potessero predire la frequenza delle diete, in linea con il meccanismo climatico di insoddisfazione corporea stagionale.<\/p>\n<p>&nbsp;<\/p>\n","protected":false},"excerpt":{"rendered":"<p>La dieta si intensifica durante la primavera? La ricerca precedente suggerisce che il disagio corporeo sia stagionale e<\/p>\n","protected":false},"author":3,"featured_media":528,"comment_status":"closed","ping_status":"open","sticky":false,"template":"","format":"standard","meta":{"footnotes":""},"categories":[14],"tags":[26,187,155],"class_list":["post-527","post","type-post","status-publish","format-standard","has-post-thumbnail","hentry","category-dieta-societa","tag-dieta","tag-primavera","tag-societa"],"yoast_head":"<!-- This site is optimized with the Yoast SEO plugin v18.5.1 - https:\/\/yoast.com\/wordpress\/plugins\/seo\/ -->\r\n<title>Primavera, la stagione ideale per la dieta - idealdieta<\/title>\r\n<meta name=\"robots\" content=\"index, follow, max-snippet:-1, max-image-preview:large, max-video-preview:-1\" \/>\r\n<link rel=\"canonical\" href=\"https:\/\/www.idealdieta.it\/?p=527\" \/>\r\n<meta property=\"og:locale\" content=\"it_IT\" \/>\r\n<meta property=\"og:type\" content=\"article\" \/>\r\n<meta property=\"og:title\" content=\"Primavera, la stagione ideale per la dieta - idealdieta\" \/>\r\n<meta property=\"og:description\" content=\"La dieta si intensifica durante la primavera? La ricerca precedente suggerisce che il disagio corporeo sia stagionale e\" \/>\r\n<meta property=\"og:url\" content=\"https:\/\/www.idealdieta.it\/?p=527\" \/>\r\n<meta property=\"og:site_name\" content=\"idealdieta\" \/>\r\n<meta property=\"article:published_time\" content=\"2024-01-21T13:24:53+00:00\" \/>\r\n<meta property=\"article:modified_time\" content=\"2024-02-04T10:28:38+00:00\" \/>\r\n<meta property=\"og:image\" content=\"https:\/\/www.idealdieta.it\/wp\/wp-content\/uploads\/2024\/01\/dieta-della-primavera.jpg\" \/>\r\n\t<meta property=\"og:image:width\" content=\"455\" \/>\r\n\t<meta property=\"og:image:height\" content=\"333\" \/>\r\n\t<meta property=\"og:image:type\" content=\"image\/jpeg\" \/>\r\n<meta name=\"twitter:card\" content=\"summary_large_image\" \/>\r\n<meta name=\"twitter:label1\" content=\"Scritto da\" \/>\n\t<meta name=\"twitter:data1\" content=\"autore id\" \/>\n\t<meta name=\"twitter:label2\" content=\"Tempo di lettura stimato\" \/>\n\t<meta name=\"twitter:data2\" content=\"4 minuti\" \/>\r\n<script type=\"application\/ld+json\" class=\"yoast-schema-graph\">{\"@context\":\"https:\/\/schema.org\",\"@graph\":[{\"@type\":\"WebSite\",\"@id\":\"https:\/\/www.idealdieta.it\/#website\",\"url\":\"https:\/\/www.idealdieta.it\/\",\"name\":\"idealdieta\",\"description\":\"Diete, Psicologia e Societ\u00e0 dal 2006\",\"potentialAction\":[{\"@type\":\"SearchAction\",\"target\":{\"@type\":\"EntryPoint\",\"urlTemplate\":\"https:\/\/www.idealdieta.it\/?s={search_term_string}\"},\"query-input\":\"required name=search_term_string\"}],\"inLanguage\":\"it-IT\"},{\"@type\":\"ImageObject\",\"@id\":\"https:\/\/www.idealdieta.it\/?p=527#primaryimage\",\"inLanguage\":\"it-IT\",\"url\":\"https:\/\/www.idealdieta.it\/wp\/wp-content\/uploads\/2024\/01\/dieta-della-primavera.jpg\",\"contentUrl\":\"https:\/\/www.idealdieta.it\/wp\/wp-content\/uploads\/2024\/01\/dieta-della-primavera.jpg\",\"width\":455,\"height\":333},{\"@type\":\"WebPage\",\"@id\":\"https:\/\/www.idealdieta.it\/?p=527#webpage\",\"url\":\"https:\/\/www.idealdieta.it\/?p=527\",\"name\":\"Primavera, la stagione ideale per la dieta - idealdieta\",\"isPartOf\":{\"@id\":\"https:\/\/www.idealdieta.it\/#website\"},\"primaryImageOfPage\":{\"@id\":\"https:\/\/www.idealdieta.it\/?p=527#primaryimage\"},\"datePublished\":\"2024-01-21T13:24:53+00:00\",\"dateModified\":\"2024-02-04T10:28:38+00:00\",\"author\":{\"@id\":\"https:\/\/www.idealdieta.it\/#\/schema\/person\/62a21faaaa8a924c0d4e8c19106d45d4\"},\"breadcrumb\":{\"@id\":\"https:\/\/www.idealdieta.it\/?p=527#breadcrumb\"},\"inLanguage\":\"it-IT\",\"potentialAction\":[{\"@type\":\"ReadAction\",\"target\":[\"https:\/\/www.idealdieta.it\/?p=527\"]}]},{\"@type\":\"BreadcrumbList\",\"@id\":\"https:\/\/www.idealdieta.it\/?p=527#breadcrumb\",\"itemListElement\":[{\"@type\":\"ListItem\",\"position\":1,\"name\":\"Home\",\"item\":\"https:\/\/www.idealdieta.it\/\"},{\"@type\":\"ListItem\",\"position\":2,\"name\":\"Primavera, la stagione ideale per la dieta\"}]},{\"@type\":\"Person\",\"@id\":\"https:\/\/www.idealdieta.it\/#\/schema\/person\/62a21faaaa8a924c0d4e8c19106d45d4\",\"name\":\"autore id\",\"image\":{\"@type\":\"ImageObject\",\"@id\":\"https:\/\/www.idealdieta.it\/#personlogo\",\"inLanguage\":\"it-IT\",\"url\":\"https:\/\/secure.gravatar.com\/avatar\/05013af06dcdc8423f959a26871e49ab550ede0b9f14984260f97e41fddaa953?s=96&d=mm&r=g\",\"contentUrl\":\"https:\/\/secure.gravatar.com\/avatar\/05013af06dcdc8423f959a26871e49ab550ede0b9f14984260f97e41fddaa953?s=96&d=mm&r=g\",\"caption\":\"autore id\"},\"url\":\"https:\/\/www.idealdieta.it\/?author=3\"}]}<\/script>\r\n<!-- \/ Yoast SEO plugin. -->","yoast_head_json":{"title":"Primavera, la stagione ideale per la dieta - idealdieta","robots":{"index":"index","follow":"follow","max-snippet":"max-snippet:-1","max-image-preview":"max-image-preview:large","max-video-preview":"max-video-preview:-1"},"canonical":"https:\/\/www.idealdieta.it\/?p=527","og_locale":"it_IT","og_type":"article","og_title":"Primavera, la stagione ideale per la dieta - idealdieta","og_description":"La dieta si intensifica durante la primavera? La ricerca precedente suggerisce che il disagio corporeo sia stagionale e","og_url":"https:\/\/www.idealdieta.it\/?p=527","og_site_name":"idealdieta","article_published_time":"2024-01-21T13:24:53+00:00","article_modified_time":"2024-02-04T10:28:38+00:00","og_image":[{"width":455,"height":333,"url":"https:\/\/www.idealdieta.it\/wp\/wp-content\/uploads\/2024\/01\/dieta-della-primavera.jpg","type":"image\/jpeg"}],"twitter_card":"summary_large_image","twitter_misc":{"Scritto da":"autore id","Tempo di lettura stimato":"4 minuti"},"schema":{"@context":"https:\/\/schema.org","@graph":[{"@type":"WebSite","@id":"https:\/\/www.idealdieta.it\/#website","url":"https:\/\/www.idealdieta.it\/","name":"idealdieta","description":"Diete, Psicologia e Societ\u00e0 dal 2006","potentialAction":[{"@type":"SearchAction","target":{"@type":"EntryPoint","urlTemplate":"https:\/\/www.idealdieta.it\/?s={search_term_string}"},"query-input":"required name=search_term_string"}],"inLanguage":"it-IT"},{"@type":"ImageObject","@id":"https:\/\/www.idealdieta.it\/?p=527#primaryimage","inLanguage":"it-IT","url":"https:\/\/www.idealdieta.it\/wp\/wp-content\/uploads\/2024\/01\/dieta-della-primavera.jpg","contentUrl":"https:\/\/www.idealdieta.it\/wp\/wp-content\/uploads\/2024\/01\/dieta-della-primavera.jpg","width":455,"height":333},{"@type":"WebPage","@id":"https:\/\/www.idealdieta.it\/?p=527#webpage","url":"https:\/\/www.idealdieta.it\/?p=527","name":"Primavera, la stagione ideale per la dieta - idealdieta","isPartOf":{"@id":"https:\/\/www.idealdieta.it\/#website"},"primaryImageOfPage":{"@id":"https:\/\/www.idealdieta.it\/?p=527#primaryimage"},"datePublished":"2024-01-21T13:24:53+00:00","dateModified":"2024-02-04T10:28:38+00:00","author":{"@id":"https:\/\/www.idealdieta.it\/#\/schema\/person\/62a21faaaa8a924c0d4e8c19106d45d4"},"breadcrumb":{"@id":"https:\/\/www.idealdieta.it\/?p=527#breadcrumb"},"inLanguage":"it-IT","potentialAction":[{"@type":"ReadAction","target":["https:\/\/www.idealdieta.it\/?p=527"]}]},{"@type":"BreadcrumbList","@id":"https:\/\/www.idealdieta.it\/?p=527#breadcrumb","itemListElement":[{"@type":"ListItem","position":1,"name":"Home","item":"https:\/\/www.idealdieta.it\/"},{"@type":"ListItem","position":2,"name":"Primavera, la stagione ideale per la dieta"}]},{"@type":"Person","@id":"https:\/\/www.idealdieta.it\/#\/schema\/person\/62a21faaaa8a924c0d4e8c19106d45d4","name":"autore id","image":{"@type":"ImageObject","@id":"https:\/\/www.idealdieta.it\/#personlogo","inLanguage":"it-IT","url":"https:\/\/secure.gravatar.com\/avatar\/05013af06dcdc8423f959a26871e49ab550ede0b9f14984260f97e41fddaa953?s=96&d=mm&r=g","contentUrl":"https:\/\/secure.gravatar.com\/avatar\/05013af06dcdc8423f959a26871e49ab550ede0b9f14984260f97e41fddaa953?s=96&d=mm&r=g","caption":"autore id"},"url":"https:\/\/www.idealdieta.it\/?author=3"}]}},"_links":{"self":[{"href":"https:\/\/www.idealdieta.it\/index.php?rest_route=\/wp\/v2\/posts\/527","targetHints":{"allow":["GET"]}}],"collection":[{"href":"https:\/\/www.idealdieta.it\/index.php?rest_route=\/wp\/v2\/posts"}],"about":[{"href":"https:\/\/www.idealdieta.it\/index.php?rest_route=\/wp\/v2\/types\/post"}],"author":[{"embeddable":true,"href":"https:\/\/www.idealdieta.it\/index.php?rest_route=\/wp\/v2\/users\/3"}],"replies":[{"embeddable":true,"href":"https:\/\/www.idealdieta.it\/index.php?rest_route=%2Fwp%2Fv2%2Fcomments&post=527"}],"version-history":[{"count":1,"href":"https:\/\/www.idealdieta.it\/index.php?rest_route=\/wp\/v2\/posts\/527\/revisions"}],"predecessor-version":[{"id":529,"href":"https:\/\/www.idealdieta.it\/index.php?rest_route=\/wp\/v2\/posts\/527\/revisions\/529"}],"wp:featuredmedia":[{"embeddable":true,"href":"https:\/\/www.idealdieta.it\/index.php?rest_route=\/wp\/v2\/media\/528"}],"wp:attachment":[{"href":"https:\/\/www.idealdieta.it\/index.php?rest_route=%2Fwp%2Fv2%2Fmedia&parent=527"}],"wp:term":[{"taxonomy":"category","embeddable":true,"href":"https:\/\/www.idealdieta.it\/index.php?rest_route=%2Fwp%2Fv2%2Fcategories&post=527"},{"taxonomy":"post_tag","embeddable":true,"href":"https:\/\/www.idealdieta.it\/index.php?rest_route=%2Fwp%2Fv2%2Ftags&post=527"}],"curies":[{"name":"wp","href":"https:\/\/api.w.org\/{rel}","templated":true}]}}