{"id":547,"date":"2023-12-04T10:16:06","date_gmt":"2023-12-04T09:16:06","guid":{"rendered":"https:\/\/www.idealdieta.it\/?p=547"},"modified":"2024-02-04T10:16:34","modified_gmt":"2024-02-04T09:16:34","slug":"1-italiano-su-2-ha-problemi-di-peso-come-la-situazione-nel-nostro-paese","status":"publish","type":"post","link":"https:\/\/www.idealdieta.it\/?p=547","title":{"rendered":"1 italiano su 2 ha problemi di peso, com&#8217;e&#8217; la situazione nel nostro paese"},"content":{"rendered":"<div class=\"fcbkbttn_buttons_block\" id=\"fcbkbttn_left\"><div class=\"fcbkbttn_like \"><div class=\"fb-like fb-like-box_count\" data-href=\"https:\/\/www.idealdieta.it\/?p=547\" data-colorscheme=\"light\" data-layout=\"box_count\" data-action=\"like\"  data-size=\"small\"><\/div><\/div><div class=\"fb-share-button  \" data-href=\"https:\/\/www.idealdieta.it\/?p=547\" data-type=\"button_count\" data-size=\"small\"><\/div><\/div><p>L&#8217;epidemia dell&#8217;obesit\u00e0 \u00e8 una realt\u00e0 preoccupante che coinvolge oltre 25 milioni di individui italiani. Tra di essi, ben 6 milioni sono considerati obesi, rappresentando il 12% dell&#8217;intera popolazione del Paese.<\/p>\n<p><!--more--><\/p>\n<p>Questi dati emergono dal recente 4\u00b0 Rapporto Italiano sull&#8217;Obesit\u00e0, condotto dalla IBDO Foundation insieme a Istat, Coresearch e Bhave. Questo fenomeno, destinato a crescere, richiede una risposta immediata.<\/p>\n<p>Chi sono gli individui coinvolti in questa sfida? La maggior parte degli italiani in sovrappeso o obesi sono adulti, costituendo oltre il 46% della popolazione maggiorenne, pari a 23 milioni di persone. Tuttavia, anche tra i bambini e gli adolescenti, la situazione non \u00e8 meno allarmante: il 26,3% dei minori italiani tra i 3 e i 17 anni, ovvero 2 milioni e 200.000 individui, lottano con problemi di peso.<\/p>\n<p>Sebbene le disparit\u00e0 di genere siano presenti, esse sono meno evidenti tra gli adulti: le donne hanno una percentuale leggermente inferiore di obesit\u00e0 rispetto agli uomini (11,1% rispetto al 12,9%). Tuttavia, la differenza \u00e8 pi\u00f9 marcata tra i bambini e gli adolescenti, con il 23,2% delle femmine in eccesso di peso rispetto al 29,2% dei maschi.<\/p>\n<p>Le disuguaglianze territoriali giocano un ruolo significativo, con le regioni meridionali e le isole che mostrano le percentuali pi\u00f9 elevate di sovrappeso e obesit\u00e0, specialmente tra i pi\u00f9 giovani. Al contrario, le regioni settentrionali presentano tassi inferiori. Queste differenze si estendono anche agli adulti, con il Sud e le Isole che mostrano i tassi pi\u00f9 alti di obesit\u00e0.<\/p>\n<p>Una delle sfide principali \u00e8 la mancanza di consapevolezza: molti italiani non riconoscono la propria condizione problematica, sottovalutando il rischio di patologie associate. Questa sottovalutazione \u00e8 presente anche tra i genitori di bambini con problemi di peso.<\/p>\n<p>L&#8217;obesit\u00e0 non \u00e8 solo una questione di estetica, ma una malattia cronica con conseguenze significative sulla salute e sulla qualit\u00e0 della vita. \u00c8 associata a un aumento del rischio di malattie croniche, tra cui problemi cardiaci, diabete di tipo 2 e alcuni tipi di tumori. Inoltre, ha un impatto economico significativo sul sistema sanitario e sulle famiglie.<\/p>\n<p>Per affrontare efficacemente l&#8217;obesit\u00e0, \u00e8 essenziale promuovere stili di vita sani, intervenire nelle comunit\u00e0 pi\u00f9 a rischio e combattere lo stigma associato alla malattia. \u00c8 fondamentale che gli operatori sanitari ricevano la formazione necessaria per trattare l&#8217;obesit\u00e0 come una condizione complessa che richiede una gestione a lungo termine. Solo attraverso un approccio integrato e non discriminatorio possiamo sperare di invertire questa tendenza allarmante e migliorare la salute della popolazione italiana.<\/p>\n","protected":false},"excerpt":{"rendered":"<p>L&#8217;epidemia dell&#8217;obesit\u00e0 \u00e8 una realt\u00e0 preoccupante che coinvolge oltre 25 milioni di individui italiani. Tra di essi, ben<\/p>\n","protected":false},"author":3,"featured_media":548,"comment_status":"closed","ping_status":"open","sticky":false,"template":"","format":"standard","meta":{"footnotes":""},"categories":[14],"tags":[],"class_list":["post-547","post","type-post","status-publish","format-standard","has-post-thumbnail","hentry","category-dieta-societa"],"yoast_head":"<!-- This site is optimized with the Yoast SEO plugin v18.5.1 - https:\/\/yoast.com\/wordpress\/plugins\/seo\/ -->\r\n<title>1 italiano su 2 ha problemi di peso, com&#039;e&#039; la situazione nel nostro paese - idealdieta<\/title>\r\n<meta name=\"robots\" content=\"index, follow, max-snippet:-1, max-image-preview:large, max-video-preview:-1\" \/>\r\n<link rel=\"canonical\" href=\"https:\/\/www.idealdieta.it\/?p=547\" \/>\r\n<meta property=\"og:locale\" content=\"it_IT\" \/>\r\n<meta property=\"og:type\" content=\"article\" \/>\r\n<meta property=\"og:title\" content=\"1 italiano su 2 ha problemi di peso, com&#039;e&#039; la situazione nel nostro paese - idealdieta\" \/>\r\n<meta property=\"og:description\" content=\"L&#8217;epidemia dell&#8217;obesit\u00e0 \u00e8 una realt\u00e0 preoccupante che coinvolge oltre 25 milioni di individui italiani. Tra di essi, ben\" \/>\r\n<meta property=\"og:url\" content=\"https:\/\/www.idealdieta.it\/?p=547\" \/>\r\n<meta property=\"og:site_name\" content=\"idealdieta\" \/>\r\n<meta property=\"article:published_time\" content=\"2023-12-04T09:16:06+00:00\" \/>\r\n<meta property=\"article:modified_time\" content=\"2024-02-04T09:16:34+00:00\" \/>\r\n<meta property=\"og:image\" content=\"https:\/\/www.idealdieta.it\/wp\/wp-content\/uploads\/2024\/02\/obesita_IN_Italia.jpg\" \/>\r\n\t<meta property=\"og:image:width\" content=\"641\" \/>\r\n\t<meta property=\"og:image:height\" content=\"400\" \/>\r\n\t<meta property=\"og:image:type\" content=\"image\/jpeg\" \/>\r\n<meta name=\"twitter:card\" content=\"summary_large_image\" \/>\r\n<meta name=\"twitter:label1\" content=\"Scritto da\" \/>\n\t<meta name=\"twitter:data1\" content=\"autore id\" \/>\n\t<meta name=\"twitter:label2\" content=\"Tempo di lettura stimato\" \/>\n\t<meta name=\"twitter:data2\" content=\"2 minuti\" \/>\r\n<script type=\"application\/ld+json\" class=\"yoast-schema-graph\">{\"@context\":\"https:\/\/schema.org\",\"@graph\":[{\"@type\":\"WebSite\",\"@id\":\"https:\/\/www.idealdieta.it\/#website\",\"url\":\"https:\/\/www.idealdieta.it\/\",\"name\":\"idealdieta\",\"description\":\"Diete, Psicologia e Societ\u00e0 dal 2006\",\"potentialAction\":[{\"@type\":\"SearchAction\",\"target\":{\"@type\":\"EntryPoint\",\"urlTemplate\":\"https:\/\/www.idealdieta.it\/?s={search_term_string}\"},\"query-input\":\"required name=search_term_string\"}],\"inLanguage\":\"it-IT\"},{\"@type\":\"ImageObject\",\"@id\":\"https:\/\/www.idealdieta.it\/?p=547#primaryimage\",\"inLanguage\":\"it-IT\",\"url\":\"https:\/\/www.idealdieta.it\/wp\/wp-content\/uploads\/2024\/02\/obesita_IN_Italia.jpg\",\"contentUrl\":\"https:\/\/www.idealdieta.it\/wp\/wp-content\/uploads\/2024\/02\/obesita_IN_Italia.jpg\",\"width\":641,\"height\":400},{\"@type\":\"WebPage\",\"@id\":\"https:\/\/www.idealdieta.it\/?p=547#webpage\",\"url\":\"https:\/\/www.idealdieta.it\/?p=547\",\"name\":\"1 italiano su 2 ha problemi di peso, com'e' la situazione nel nostro paese - idealdieta\",\"isPartOf\":{\"@id\":\"https:\/\/www.idealdieta.it\/#website\"},\"primaryImageOfPage\":{\"@id\":\"https:\/\/www.idealdieta.it\/?p=547#primaryimage\"},\"datePublished\":\"2023-12-04T09:16:06+00:00\",\"dateModified\":\"2024-02-04T09:16:34+00:00\",\"author\":{\"@id\":\"https:\/\/www.idealdieta.it\/#\/schema\/person\/62a21faaaa8a924c0d4e8c19106d45d4\"},\"breadcrumb\":{\"@id\":\"https:\/\/www.idealdieta.it\/?p=547#breadcrumb\"},\"inLanguage\":\"it-IT\",\"potentialAction\":[{\"@type\":\"ReadAction\",\"target\":[\"https:\/\/www.idealdieta.it\/?p=547\"]}]},{\"@type\":\"BreadcrumbList\",\"@id\":\"https:\/\/www.idealdieta.it\/?p=547#breadcrumb\",\"itemListElement\":[{\"@type\":\"ListItem\",\"position\":1,\"name\":\"Home\",\"item\":\"https:\/\/www.idealdieta.it\/\"},{\"@type\":\"ListItem\",\"position\":2,\"name\":\"1 italiano su 2 ha problemi di peso, com&#8217;e&#8217; la situazione nel nostro paese\"}]},{\"@type\":\"Person\",\"@id\":\"https:\/\/www.idealdieta.it\/#\/schema\/person\/62a21faaaa8a924c0d4e8c19106d45d4\",\"name\":\"autore id\",\"image\":{\"@type\":\"ImageObject\",\"@id\":\"https:\/\/www.idealdieta.it\/#personlogo\",\"inLanguage\":\"it-IT\",\"url\":\"https:\/\/secure.gravatar.com\/avatar\/05013af06dcdc8423f959a26871e49ab550ede0b9f14984260f97e41fddaa953?s=96&d=mm&r=g\",\"contentUrl\":\"https:\/\/secure.gravatar.com\/avatar\/05013af06dcdc8423f959a26871e49ab550ede0b9f14984260f97e41fddaa953?s=96&d=mm&r=g\",\"caption\":\"autore id\"},\"url\":\"https:\/\/www.idealdieta.it\/?author=3\"}]}<\/script>\r\n<!-- \/ Yoast SEO plugin. -->","yoast_head_json":{"title":"1 italiano su 2 ha problemi di peso, com'e' la situazione nel nostro paese - idealdieta","robots":{"index":"index","follow":"follow","max-snippet":"max-snippet:-1","max-image-preview":"max-image-preview:large","max-video-preview":"max-video-preview:-1"},"canonical":"https:\/\/www.idealdieta.it\/?p=547","og_locale":"it_IT","og_type":"article","og_title":"1 italiano su 2 ha problemi di peso, com'e' la situazione nel nostro paese - idealdieta","og_description":"L&#8217;epidemia dell&#8217;obesit\u00e0 \u00e8 una realt\u00e0 preoccupante che coinvolge oltre 25 milioni di individui italiani. Tra di essi, ben","og_url":"https:\/\/www.idealdieta.it\/?p=547","og_site_name":"idealdieta","article_published_time":"2023-12-04T09:16:06+00:00","article_modified_time":"2024-02-04T09:16:34+00:00","og_image":[{"width":641,"height":400,"url":"https:\/\/www.idealdieta.it\/wp\/wp-content\/uploads\/2024\/02\/obesita_IN_Italia.jpg","type":"image\/jpeg"}],"twitter_card":"summary_large_image","twitter_misc":{"Scritto da":"autore id","Tempo di lettura stimato":"2 minuti"},"schema":{"@context":"https:\/\/schema.org","@graph":[{"@type":"WebSite","@id":"https:\/\/www.idealdieta.it\/#website","url":"https:\/\/www.idealdieta.it\/","name":"idealdieta","description":"Diete, Psicologia e Societ\u00e0 dal 2006","potentialAction":[{"@type":"SearchAction","target":{"@type":"EntryPoint","urlTemplate":"https:\/\/www.idealdieta.it\/?s={search_term_string}"},"query-input":"required name=search_term_string"}],"inLanguage":"it-IT"},{"@type":"ImageObject","@id":"https:\/\/www.idealdieta.it\/?p=547#primaryimage","inLanguage":"it-IT","url":"https:\/\/www.idealdieta.it\/wp\/wp-content\/uploads\/2024\/02\/obesita_IN_Italia.jpg","contentUrl":"https:\/\/www.idealdieta.it\/wp\/wp-content\/uploads\/2024\/02\/obesita_IN_Italia.jpg","width":641,"height":400},{"@type":"WebPage","@id":"https:\/\/www.idealdieta.it\/?p=547#webpage","url":"https:\/\/www.idealdieta.it\/?p=547","name":"1 italiano su 2 ha problemi di peso, com'e' la situazione nel nostro paese - idealdieta","isPartOf":{"@id":"https:\/\/www.idealdieta.it\/#website"},"primaryImageOfPage":{"@id":"https:\/\/www.idealdieta.it\/?p=547#primaryimage"},"datePublished":"2023-12-04T09:16:06+00:00","dateModified":"2024-02-04T09:16:34+00:00","author":{"@id":"https:\/\/www.idealdieta.it\/#\/schema\/person\/62a21faaaa8a924c0d4e8c19106d45d4"},"breadcrumb":{"@id":"https:\/\/www.idealdieta.it\/?p=547#breadcrumb"},"inLanguage":"it-IT","potentialAction":[{"@type":"ReadAction","target":["https:\/\/www.idealdieta.it\/?p=547"]}]},{"@type":"BreadcrumbList","@id":"https:\/\/www.idealdieta.it\/?p=547#breadcrumb","itemListElement":[{"@type":"ListItem","position":1,"name":"Home","item":"https:\/\/www.idealdieta.it\/"},{"@type":"ListItem","position":2,"name":"1 italiano su 2 ha problemi di peso, com&#8217;e&#8217; la situazione nel nostro paese"}]},{"@type":"Person","@id":"https:\/\/www.idealdieta.it\/#\/schema\/person\/62a21faaaa8a924c0d4e8c19106d45d4","name":"autore id","image":{"@type":"ImageObject","@id":"https:\/\/www.idealdieta.it\/#personlogo","inLanguage":"it-IT","url":"https:\/\/secure.gravatar.com\/avatar\/05013af06dcdc8423f959a26871e49ab550ede0b9f14984260f97e41fddaa953?s=96&d=mm&r=g","contentUrl":"https:\/\/secure.gravatar.com\/avatar\/05013af06dcdc8423f959a26871e49ab550ede0b9f14984260f97e41fddaa953?s=96&d=mm&r=g","caption":"autore id"},"url":"https:\/\/www.idealdieta.it\/?author=3"}]}},"_links":{"self":[{"href":"https:\/\/www.idealdieta.it\/index.php?rest_route=\/wp\/v2\/posts\/547","targetHints":{"allow":["GET"]}}],"collection":[{"href":"https:\/\/www.idealdieta.it\/index.php?rest_route=\/wp\/v2\/posts"}],"about":[{"href":"https:\/\/www.idealdieta.it\/index.php?rest_route=\/wp\/v2\/types\/post"}],"author":[{"embeddable":true,"href":"https:\/\/www.idealdieta.it\/index.php?rest_route=\/wp\/v2\/users\/3"}],"replies":[{"embeddable":true,"href":"https:\/\/www.idealdieta.it\/index.php?rest_route=%2Fwp%2Fv2%2Fcomments&post=547"}],"version-history":[{"count":1,"href":"https:\/\/www.idealdieta.it\/index.php?rest_route=\/wp\/v2\/posts\/547\/revisions"}],"predecessor-version":[{"id":549,"href":"https:\/\/www.idealdieta.it\/index.php?rest_route=\/wp\/v2\/posts\/547\/revisions\/549"}],"wp:featuredmedia":[{"embeddable":true,"href":"https:\/\/www.idealdieta.it\/index.php?rest_route=\/wp\/v2\/media\/548"}],"wp:attachment":[{"href":"https:\/\/www.idealdieta.it\/index.php?rest_route=%2Fwp%2Fv2%2Fmedia&parent=547"}],"wp:term":[{"taxonomy":"category","embeddable":true,"href":"https:\/\/www.idealdieta.it\/index.php?rest_route=%2Fwp%2Fv2%2Fcategories&post=547"},{"taxonomy":"post_tag","embeddable":true,"href":"https:\/\/www.idealdieta.it\/index.php?rest_route=%2Fwp%2Fv2%2Ftags&post=547"}],"curies":[{"name":"wp","href":"https:\/\/api.w.org\/{rel}","templated":true}]}}