{"id":907,"date":"2024-07-23T11:13:47","date_gmt":"2024-07-23T10:13:47","guid":{"rendered":"https:\/\/www.idealdieta.it\/?p=907"},"modified":"2024-07-23T11:13:47","modified_gmt":"2024-07-23T10:13:47","slug":"dal-27-luglio-all8-settembre-a-pioppi-pollica-festival-della-dieta-mediterranea","status":"publish","type":"post","link":"https:\/\/www.idealdieta.it\/?p=907","title":{"rendered":"Dal 27 luglio all&#8217;8 settembre a Pioppi (Pollica) Festival della Dieta Mediterranea"},"content":{"rendered":"<div class=\"fcbkbttn_buttons_block\" id=\"fcbkbttn_left\"><div class=\"fcbkbttn_like \"><div class=\"fb-like fb-like-box_count\" data-href=\"https:\/\/www.idealdieta.it\/?p=907\" data-colorscheme=\"light\" data-layout=\"box_count\" data-action=\"like\"  data-size=\"small\"><\/div><\/div><div class=\"fb-share-button  \" data-href=\"https:\/\/www.idealdieta.it\/?p=907\" data-type=\"button_count\" data-size=\"small\"><\/div><\/div><p>PIOPPI (SA) \u2013 Quest&#8217;anno il Festival della Dieta Mediterranea, organizzato da Legambiente e dal Museo della Dieta Mediterranea di Pioppi, sar\u00e0 dedicato al tema \u201cSoil&amp;Soul \u2013 Suolo&amp;Anima\u201d. Giunto alla sua nona edizione, l&#8217;evento si terr\u00e0 dal 27 luglio all&#8217;8 settembre 2024<\/p>\n<p><!--more--><\/p>\n<p>nella pittoresca frazione di Pioppi, nel comune di Pollica. Il fulcro delle attivit\u00e0 sar\u00e0 il suggestivo Palazzo Vinciprova, sede del Museo Vivente della Dieta Mediterranea e del Museo Vivo del Mare, dove si celebreranno arte, musica e cultura.<\/p>\n<p>Il programma includer\u00e0 una serie di appuntamenti imperdibili: concerti di musica classica all&#8217;alba sulla spiaggia, diventati ormai un simbolo delle estati cilentane, mostre d&#8217;arte e presentazioni di libri. Tutti gli eventi avranno un filo conduttore legato alla sostenibilit\u00e0 ambientale e alla cultura mediterranea. Il festival si svolger\u00e0 in pi\u00f9 date, offrendo ai numerosi turisti estivi l&#8217;opportunit\u00e0 di immergersi nelle molteplici espressioni del Patrimonio immateriale dell&#8217;Unesco legato alla Dieta Mediterranea.<\/p>\n<p>Nel rispetto dello stile di vita mediterraneo, dove l'&#8221;otium&#8221; rappresenta una forma elevata di riposo e riflessione, il festival proporr\u00e0 un programma ricco di attivit\u00e0 che rinvigoriranno mente e corpo. Valerio Calabrese, Direttore del Museo Vivente della Dieta Mediterranea di Pioppi, sottolinea l&#8217;importanza del tema di quest&#8217;anno, che mette in luce le interazioni tra il suolo e l&#8217;uomo attraverso la cultura.<\/p>\n<p>Il festival porr\u00e0 particolare attenzione ai temi ambientali, ospitando figure di rilievo nazionale nel campo della cultura, del cibo, della ricerca e della sostenibilit\u00e0, tra cui Gabriel Zuchtriegel, Stefania De Pascale, Ruggero Cappuccio, Luciano Pignataro, Paolo Pileri, Alex Giordano, Valeria Saggese, Paolo Apolito, Michele Sellitto, Marco Zurzolo, Maurizio Mastrini e molti altri.<\/p>\n<p>Ci saranno anche momenti dedicati ai bambini con spettacoli teatrali e la tradizionale rassegna sui vini biologici e biodinamici campani, culminante nel Premio Vigna Bio. Quest&#8217;ultimo \u00e8 realizzato in collaborazione con la Regione Campania, la Scuola Europea Sommelier e il blog LucianoPignataroWineBlog, per premiare i migliori vini sostenibili della Campania.<\/p>\n<p>Il festival si aprir\u00e0 sabato 27 luglio con lo spettacolo &#8220;Pompei Gospel&#8221;, diretto da Gabriel Zuchtriegel, Direttore del Parco Archeologico di Pompei. Attraverso musica e parole, lo spettacolo narrer\u00e0 l&#8217;avvento del Cristianesimo nell&#8217;antichit\u00e0.<\/p>\n<p>In serata, si terr\u00e0 la presentazione ufficiale del Festival con la partecipazione del Sindaco di Pollica Stefano Pisani, del presidente del Parco Nazionale del Cilento Giuseppe Coccorullo, della presidente di Legambiente Campania Mariateresa Imparato e dei rappresentanti dei partner dell&#8217;evento.<\/p>\n","protected":false},"excerpt":{"rendered":"<p>PIOPPI (SA) \u2013 Quest&#8217;anno il Festival della Dieta Mediterranea, organizzato da Legambiente e dal Museo della Dieta Mediterranea<\/p>\n","protected":false},"author":3,"featured_media":300,"comment_status":"closed","ping_status":"open","sticky":false,"template":"","format":"standard","meta":{"footnotes":""},"categories":[11],"tags":[],"class_list":["post-907","post","type-post","status-publish","format-standard","has-post-thumbnail","hentry","category-news-blog"],"yoast_head":"<!-- This site is optimized with the Yoast SEO plugin v18.5.1 - https:\/\/yoast.com\/wordpress\/plugins\/seo\/ -->\r\n<title>Dal 27 luglio all&#039;8 settembre a Pioppi (Pollica) Festival della Dieta Mediterranea - idealdieta<\/title>\r\n<meta name=\"robots\" content=\"index, follow, max-snippet:-1, max-image-preview:large, max-video-preview:-1\" \/>\r\n<link rel=\"canonical\" href=\"https:\/\/www.idealdieta.it\/?p=907\" \/>\r\n<meta property=\"og:locale\" content=\"it_IT\" \/>\r\n<meta property=\"og:type\" content=\"article\" \/>\r\n<meta property=\"og:title\" content=\"Dal 27 luglio all&#039;8 settembre a Pioppi (Pollica) Festival della Dieta Mediterranea - idealdieta\" \/>\r\n<meta property=\"og:description\" content=\"PIOPPI (SA) \u2013 Quest&#8217;anno il Festival della Dieta Mediterranea, organizzato da Legambiente e dal Museo della Dieta Mediterranea\" \/>\r\n<meta property=\"og:url\" content=\"https:\/\/www.idealdieta.it\/?p=907\" \/>\r\n<meta property=\"og:site_name\" content=\"idealdieta\" \/>\r\n<meta property=\"article:published_time\" content=\"2024-07-23T10:13:47+00:00\" \/>\r\n<meta property=\"og:image\" content=\"https:\/\/www.idealdieta.it\/wp\/wp-content\/uploads\/2022\/02\/dieta_mediterranea_web01.jpg\" \/>\r\n\t<meta property=\"og:image:width\" content=\"345\" \/>\r\n\t<meta property=\"og:image:height\" content=\"230\" \/>\r\n\t<meta property=\"og:image:type\" content=\"image\/jpeg\" \/>\r\n<meta name=\"twitter:card\" content=\"summary_large_image\" \/>\r\n<meta name=\"twitter:label1\" content=\"Scritto da\" \/>\n\t<meta name=\"twitter:data1\" content=\"autore id\" \/>\n\t<meta name=\"twitter:label2\" content=\"Tempo di lettura stimato\" \/>\n\t<meta name=\"twitter:data2\" content=\"2 minuti\" \/>\r\n<script type=\"application\/ld+json\" class=\"yoast-schema-graph\">{\"@context\":\"https:\/\/schema.org\",\"@graph\":[{\"@type\":\"WebSite\",\"@id\":\"https:\/\/www.idealdieta.it\/#website\",\"url\":\"https:\/\/www.idealdieta.it\/\",\"name\":\"idealdieta\",\"description\":\"Diete, Psicologia e Societ\u00e0 dal 2006\",\"potentialAction\":[{\"@type\":\"SearchAction\",\"target\":{\"@type\":\"EntryPoint\",\"urlTemplate\":\"https:\/\/www.idealdieta.it\/?s={search_term_string}\"},\"query-input\":\"required name=search_term_string\"}],\"inLanguage\":\"it-IT\"},{\"@type\":\"ImageObject\",\"@id\":\"https:\/\/www.idealdieta.it\/?p=907#primaryimage\",\"inLanguage\":\"it-IT\",\"url\":\"https:\/\/www.idealdieta.it\/wp\/wp-content\/uploads\/2022\/02\/dieta_mediterranea_web01.jpg\",\"contentUrl\":\"https:\/\/www.idealdieta.it\/wp\/wp-content\/uploads\/2022\/02\/dieta_mediterranea_web01.jpg\",\"width\":345,\"height\":230,\"caption\":\"La dieta mediterranea\"},{\"@type\":\"WebPage\",\"@id\":\"https:\/\/www.idealdieta.it\/?p=907#webpage\",\"url\":\"https:\/\/www.idealdieta.it\/?p=907\",\"name\":\"Dal 27 luglio all'8 settembre a Pioppi (Pollica) Festival della Dieta Mediterranea - idealdieta\",\"isPartOf\":{\"@id\":\"https:\/\/www.idealdieta.it\/#website\"},\"primaryImageOfPage\":{\"@id\":\"https:\/\/www.idealdieta.it\/?p=907#primaryimage\"},\"datePublished\":\"2024-07-23T10:13:47+00:00\",\"dateModified\":\"2024-07-23T10:13:47+00:00\",\"author\":{\"@id\":\"https:\/\/www.idealdieta.it\/#\/schema\/person\/62a21faaaa8a924c0d4e8c19106d45d4\"},\"breadcrumb\":{\"@id\":\"https:\/\/www.idealdieta.it\/?p=907#breadcrumb\"},\"inLanguage\":\"it-IT\",\"potentialAction\":[{\"@type\":\"ReadAction\",\"target\":[\"https:\/\/www.idealdieta.it\/?p=907\"]}]},{\"@type\":\"BreadcrumbList\",\"@id\":\"https:\/\/www.idealdieta.it\/?p=907#breadcrumb\",\"itemListElement\":[{\"@type\":\"ListItem\",\"position\":1,\"name\":\"Home\",\"item\":\"https:\/\/www.idealdieta.it\/\"},{\"@type\":\"ListItem\",\"position\":2,\"name\":\"Dal 27 luglio all&#8217;8 settembre a Pioppi (Pollica) Festival della Dieta Mediterranea\"}]},{\"@type\":\"Person\",\"@id\":\"https:\/\/www.idealdieta.it\/#\/schema\/person\/62a21faaaa8a924c0d4e8c19106d45d4\",\"name\":\"autore id\",\"image\":{\"@type\":\"ImageObject\",\"@id\":\"https:\/\/www.idealdieta.it\/#personlogo\",\"inLanguage\":\"it-IT\",\"url\":\"https:\/\/secure.gravatar.com\/avatar\/05013af06dcdc8423f959a26871e49ab550ede0b9f14984260f97e41fddaa953?s=96&d=mm&r=g\",\"contentUrl\":\"https:\/\/secure.gravatar.com\/avatar\/05013af06dcdc8423f959a26871e49ab550ede0b9f14984260f97e41fddaa953?s=96&d=mm&r=g\",\"caption\":\"autore id\"},\"url\":\"https:\/\/www.idealdieta.it\/?author=3\"}]}<\/script>\r\n<!-- \/ Yoast SEO plugin. -->","yoast_head_json":{"title":"Dal 27 luglio all'8 settembre a Pioppi (Pollica) Festival della Dieta Mediterranea - idealdieta","robots":{"index":"index","follow":"follow","max-snippet":"max-snippet:-1","max-image-preview":"max-image-preview:large","max-video-preview":"max-video-preview:-1"},"canonical":"https:\/\/www.idealdieta.it\/?p=907","og_locale":"it_IT","og_type":"article","og_title":"Dal 27 luglio all'8 settembre a Pioppi (Pollica) Festival della Dieta Mediterranea - idealdieta","og_description":"PIOPPI (SA) \u2013 Quest&#8217;anno il Festival della Dieta Mediterranea, organizzato da Legambiente e dal Museo della Dieta Mediterranea","og_url":"https:\/\/www.idealdieta.it\/?p=907","og_site_name":"idealdieta","article_published_time":"2024-07-23T10:13:47+00:00","og_image":[{"width":345,"height":230,"url":"https:\/\/www.idealdieta.it\/wp\/wp-content\/uploads\/2022\/02\/dieta_mediterranea_web01.jpg","type":"image\/jpeg"}],"twitter_card":"summary_large_image","twitter_misc":{"Scritto da":"autore id","Tempo di lettura stimato":"2 minuti"},"schema":{"@context":"https:\/\/schema.org","@graph":[{"@type":"WebSite","@id":"https:\/\/www.idealdieta.it\/#website","url":"https:\/\/www.idealdieta.it\/","name":"idealdieta","description":"Diete, Psicologia e Societ\u00e0 dal 2006","potentialAction":[{"@type":"SearchAction","target":{"@type":"EntryPoint","urlTemplate":"https:\/\/www.idealdieta.it\/?s={search_term_string}"},"query-input":"required name=search_term_string"}],"inLanguage":"it-IT"},{"@type":"ImageObject","@id":"https:\/\/www.idealdieta.it\/?p=907#primaryimage","inLanguage":"it-IT","url":"https:\/\/www.idealdieta.it\/wp\/wp-content\/uploads\/2022\/02\/dieta_mediterranea_web01.jpg","contentUrl":"https:\/\/www.idealdieta.it\/wp\/wp-content\/uploads\/2022\/02\/dieta_mediterranea_web01.jpg","width":345,"height":230,"caption":"La dieta mediterranea"},{"@type":"WebPage","@id":"https:\/\/www.idealdieta.it\/?p=907#webpage","url":"https:\/\/www.idealdieta.it\/?p=907","name":"Dal 27 luglio all'8 settembre a Pioppi (Pollica) Festival della Dieta Mediterranea - idealdieta","isPartOf":{"@id":"https:\/\/www.idealdieta.it\/#website"},"primaryImageOfPage":{"@id":"https:\/\/www.idealdieta.it\/?p=907#primaryimage"},"datePublished":"2024-07-23T10:13:47+00:00","dateModified":"2024-07-23T10:13:47+00:00","author":{"@id":"https:\/\/www.idealdieta.it\/#\/schema\/person\/62a21faaaa8a924c0d4e8c19106d45d4"},"breadcrumb":{"@id":"https:\/\/www.idealdieta.it\/?p=907#breadcrumb"},"inLanguage":"it-IT","potentialAction":[{"@type":"ReadAction","target":["https:\/\/www.idealdieta.it\/?p=907"]}]},{"@type":"BreadcrumbList","@id":"https:\/\/www.idealdieta.it\/?p=907#breadcrumb","itemListElement":[{"@type":"ListItem","position":1,"name":"Home","item":"https:\/\/www.idealdieta.it\/"},{"@type":"ListItem","position":2,"name":"Dal 27 luglio all&#8217;8 settembre a Pioppi (Pollica) Festival della Dieta Mediterranea"}]},{"@type":"Person","@id":"https:\/\/www.idealdieta.it\/#\/schema\/person\/62a21faaaa8a924c0d4e8c19106d45d4","name":"autore id","image":{"@type":"ImageObject","@id":"https:\/\/www.idealdieta.it\/#personlogo","inLanguage":"it-IT","url":"https:\/\/secure.gravatar.com\/avatar\/05013af06dcdc8423f959a26871e49ab550ede0b9f14984260f97e41fddaa953?s=96&d=mm&r=g","contentUrl":"https:\/\/secure.gravatar.com\/avatar\/05013af06dcdc8423f959a26871e49ab550ede0b9f14984260f97e41fddaa953?s=96&d=mm&r=g","caption":"autore id"},"url":"https:\/\/www.idealdieta.it\/?author=3"}]}},"_links":{"self":[{"href":"https:\/\/www.idealdieta.it\/index.php?rest_route=\/wp\/v2\/posts\/907","targetHints":{"allow":["GET"]}}],"collection":[{"href":"https:\/\/www.idealdieta.it\/index.php?rest_route=\/wp\/v2\/posts"}],"about":[{"href":"https:\/\/www.idealdieta.it\/index.php?rest_route=\/wp\/v2\/types\/post"}],"author":[{"embeddable":true,"href":"https:\/\/www.idealdieta.it\/index.php?rest_route=\/wp\/v2\/users\/3"}],"replies":[{"embeddable":true,"href":"https:\/\/www.idealdieta.it\/index.php?rest_route=%2Fwp%2Fv2%2Fcomments&post=907"}],"version-history":[{"count":1,"href":"https:\/\/www.idealdieta.it\/index.php?rest_route=\/wp\/v2\/posts\/907\/revisions"}],"predecessor-version":[{"id":908,"href":"https:\/\/www.idealdieta.it\/index.php?rest_route=\/wp\/v2\/posts\/907\/revisions\/908"}],"wp:featuredmedia":[{"embeddable":true,"href":"https:\/\/www.idealdieta.it\/index.php?rest_route=\/wp\/v2\/media\/300"}],"wp:attachment":[{"href":"https:\/\/www.idealdieta.it\/index.php?rest_route=%2Fwp%2Fv2%2Fmedia&parent=907"}],"wp:term":[{"taxonomy":"category","embeddable":true,"href":"https:\/\/www.idealdieta.it\/index.php?rest_route=%2Fwp%2Fv2%2Fcategories&post=907"},{"taxonomy":"post_tag","embeddable":true,"href":"https:\/\/www.idealdieta.it\/index.php?rest_route=%2Fwp%2Fv2%2Ftags&post=907"}],"curies":[{"name":"wp","href":"https:\/\/api.w.org\/{rel}","templated":true}]}}